{"id":6290,"date":"2024-01-18T20:44:49","date_gmt":"2024-01-18T19:44:49","guid":{"rendered":"https:\/\/www.iltemporale.it\/it\/?p=6290"},"modified":"2024-01-18T20:45:31","modified_gmt":"2024-01-18T19:45:31","slug":"il-suono-della-terra-fondo-sociale-europeo-plus","status":"publish","type":"post","link":"https:\/\/www.iltemporale.it\/it\/il-suono-della-terra-fondo-sociale-europeo-plus\/","title":{"rendered":"Il suono della Terra &#8211; FONDO SOCIALE EUROPEO PLUS"},"content":{"rendered":"\n<h2 class=\"wp-block-heading\">Progetto musicale&nbsp;\u201cIl suono della Terra\u201d Campo estivo musicale<\/h2>\n\n\n\n<h3 class=\"wp-block-heading\">Fondo Sociale Europeo Plus &#8211; FSE + Cos\u00ec l&#8217;Europa investe sulle persone<\/h3>\n\n\n\n<div style=\"height:25px\" aria-hidden=\"true\" class=\"wp-block-spacer\"><\/div>\n\n\n\n<figure class=\"wp-block-image size-large\"><img loading=\"lazy\" decoding=\"async\" width=\"1024\" height=\"307\" src=\"https:\/\/www.iltemporale.it\/it\/wp-content\/uploads\/2024\/01\/IL-SUONO-DELLA-TERRA_FSE-PLUS-1024x307.jpg\" alt=\"IL SUONO DELLA TERRA_FONDO SOCIALE EUROPEO PLUS\" class=\"wp-image-6292\" srcset=\"https:\/\/www.iltemporale.it\/it\/wp-content\/uploads\/2024\/01\/IL-SUONO-DELLA-TERRA_FSE-PLUS-1024x307.jpg 1024w, https:\/\/www.iltemporale.it\/it\/wp-content\/uploads\/2024\/01\/IL-SUONO-DELLA-TERRA_FSE-PLUS-300x90.jpg 300w, https:\/\/www.iltemporale.it\/it\/wp-content\/uploads\/2024\/01\/IL-SUONO-DELLA-TERRA_FSE-PLUS-768x230.jpg 768w, https:\/\/www.iltemporale.it\/it\/wp-content\/uploads\/2024\/01\/IL-SUONO-DELLA-TERRA_FSE-PLUS-500x150.jpg 500w, https:\/\/www.iltemporale.it\/it\/wp-content\/uploads\/2024\/01\/IL-SUONO-DELLA-TERRA_FSE-PLUS.jpg 1062w\" sizes=\"auto, (max-width: 1024px) 100vw, 1024px\" \/><\/figure>\n\n\n\n<div style=\"height:21px\" aria-hidden=\"true\" class=\"wp-block-spacer\"><\/div>\n\n\n\n<h3 class=\"wp-block-heading has-vivid-red-color has-text-color has-link-color wp-elements-b213bf77333a224efdb4a665f47f76e7\">Presentiamo assieme all&#8217;Istituto Comprensivo di San Giorgio di Piano il progetto:&nbsp;Campo estivo musicale \u201cIl suono della Terra\u201d.<\/h3>\n\n\n\n<p><strong><span style=\"color: #000000;\">Suddiviso in 2 MODULI:<\/span><\/strong><\/p>\n<p><span style=\"color: #000000;\"><strong>MODULO 1 dal 10 al 14 giugno: Possiamo suonare<\/strong><\/span><\/p>\n<p><span style=\"color: #000000;\"><strong>MODULO 2 dal 17 al 21 giugno: Orchestra di ocarine<\/strong><\/span><\/p>\n\n\n\n<p class=\"has-black-color has-text-color has-link-color wp-elements-1e6d2134cca0751062c4662a096f840b\" style=\"font-size:19px\"><strong><em>Ogni modulo si svolge con cadenza giornaliera dalle 8.00 alle 14.00.<br>Un percorso musicale coinvolgente rivolto alle classi terze-quarte e quinte della scuola primaria per imparare a suonare insieme utilizzando l&#8217;ocarina e diventare una vera e propria orchestra.<br>L&#8217;ocarina \u00e8: simpatica, tascabile, ecologica (nella versione originale in argilla), economica.<br>Inoltre con l&#8217;ocarina si pu\u00f2 fare ogni genere di musica!<br>Si tratta di uno strumento che, per l&#8217;immediatezza e la facilit\u00e0 nella creazione del suono, ben si presta ad essere propedeutico a varie esperienze musicali.<br>La partecipazione \u00e8 gratuita, e verranno forniti gratuitamente lo strumento e il libro.<br>Merenda e pranzo al sacco.<br>Ogni giorno 1 ora di manipolazione della creta con il: \u201cLaboratorio di argilla\u201d per costruire uno strumento.<\/em><\/strong><\/p>\n\n\n\n<div style=\"height:22px\" aria-hidden=\"true\" class=\"wp-block-spacer\"><\/div>\n\n\n\n<p>Percorso approvato dalla Regione Emilia-Romagna con Delibera di Giunta regionale n.  <strong>1879 \/ 2023 del 6\/11\/2023<\/strong>    <\/p>\n\n\n\n<p>Rif. PA.  <strong> 2023 &#8211; 20413\/RER\u00a0<\/strong> \u00a0 \u00a0 \u00a0 \u00a0 \u00a0 \u00a0 \u00a0Soggetto attuatore  <strong>IL TEMPORALE APS<\/strong><\/p>\n\n\n\n<div style=\"height:23px\" aria-hidden=\"true\" class=\"wp-block-spacer\"><\/div>\n\n\n\n<p><strong><span style=\"color: #ff0000;\">Cos\u2019\u00e8 il Fondo sociale europeo Plus<\/span><\/strong><\/p>\n<p>Il Fondo sociale europeo Plus \u00e8 il principale strumento finanziario con cui l\u2019Europa investe sulle persone per qualificare le competenze dei cittadini, rafforzare la loro capacit\u00e0 di affrontare i cambiamenti del\u00a0mercato del lavoro, promuovere un\u2019occupazione di qualit\u00e0 e contrastare le diseguaglianze economiche,\u00a0sociali, di genere e generazionali.<\/p>\n<p><strong><span style=\"color: #ff0000;\">Il Programma Fse+ 2021-2027 della Regione Emilia-Romagna<\/span><\/strong><\/p>\n<p>La Regione Emilia-Romagna, attraverso un percorso di confronto con gli enti locali, gli stakeholder e\u00a0il partenariato economico e sociale, ha elaborato la propria strategia di programmazione delle risorse\u00a0disponibili, pari a oltre 1 miliardo di euro. Il Programma costituisce il principale strumento per attuare a\u00a0livello regionale il Pilastro europeo dei diritti sociali. I progetti finanziati con risorse Fse+ sono selezionati\u00a0dalla Regione attraverso procedure ad evidenza pubblica che garantiscono qualit\u00e0 e trasparenza. \u00c8\u00a0cos\u00ec che il Programma regionale si trasforma in opportunit\u00e0 concrete per le persone e per le imprese\u00a0ed \u00e8 cos\u00ec che la Regione investe sul futuro della propria comunit\u00e0.<\/p>\n\n\n\n<figure class=\"wp-block-image size-large\"><img loading=\"lazy\" decoding=\"async\" width=\"1024\" height=\"198\" src=\"https:\/\/www.iltemporale.it\/it\/wp-content\/uploads\/2024\/01\/Loghi_CoesioneITA_UE_REP_ER_21-27_compatta_colore-1024x198.png\" alt=\"Loghi_CoesioneITA_UE_REP_ER\" class=\"wp-image-6293\" srcset=\"https:\/\/www.iltemporale.it\/it\/wp-content\/uploads\/2024\/01\/Loghi_CoesioneITA_UE_REP_ER_21-27_compatta_colore-1024x198.png 1024w, https:\/\/www.iltemporale.it\/it\/wp-content\/uploads\/2024\/01\/Loghi_CoesioneITA_UE_REP_ER_21-27_compatta_colore-300x58.png 300w, https:\/\/www.iltemporale.it\/it\/wp-content\/uploads\/2024\/01\/Loghi_CoesioneITA_UE_REP_ER_21-27_compatta_colore-768x148.png 768w, https:\/\/www.iltemporale.it\/it\/wp-content\/uploads\/2024\/01\/Loghi_CoesioneITA_UE_REP_ER_21-27_compatta_colore-1536x296.png 1536w, https:\/\/www.iltemporale.it\/it\/wp-content\/uploads\/2024\/01\/Loghi_CoesioneITA_UE_REP_ER_21-27_compatta_colore-2048x395.png 2048w, https:\/\/www.iltemporale.it\/it\/wp-content\/uploads\/2024\/01\/Loghi_CoesioneITA_UE_REP_ER_21-27_compatta_colore-500x97.png 500w\" sizes=\"auto, (max-width: 1024px) 100vw, 1024px\" \/><\/figure>\n\n\n\n<div style=\"height:23px\" aria-hidden=\"true\" class=\"wp-block-spacer\"><\/div>\n","protected":false},"excerpt":{"rendered":"<p>Progetto musicale&nbsp;\u201cIl suono della Terra\u201d Campo estivo musicale Fondo Sociale Europeo Plus &#8211; FSE + Cos\u00ec l&#8217;Europa investe sulle persone Presentiamo assieme all&#8217;Istituto Comprensivo di San Giorgio di Piano il [&hellip;]<\/p>\n","protected":false},"author":1,"featured_media":6304,"comment_status":"closed","ping_status":"closed","sticky":false,"template":"","format":"standard","meta":{"site-sidebar-layout":"default","site-content-layout":"","ast-site-content-layout":"default","site-content-style":"default","site-sidebar-style":"default","ast-global-header-display":"","ast-banner-title-visibility":"","ast-main-header-display":"","ast-hfb-above-header-display":"","ast-hfb-below-header-display":"","ast-hfb-mobile-header-display":"","site-post-title":"","ast-breadcrumbs-content":"","ast-featured-img":"","footer-sml-layout":"","ast-disable-related-posts":"","theme-transparent-header-meta":"","adv-header-id-meta":"","stick-header-meta":"","header-above-stick-meta":"","header-main-stick-meta":"","header-below-stick-meta":"","astra-migrate-meta-layouts":"default","ast-page-background-enabled":"default","ast-page-background-meta":{"desktop":{"background-color":"var(--ast-global-color-5)","background-image":"","background-repeat":"repeat","background-position":"center center","background-size":"auto","background-attachment":"scroll","background-type":"","background-media":"","overlay-type":"","overlay-color":"","overlay-opacity":"","overlay-gradient":""},"tablet":{"background-color":"","background-image":"","background-repeat":"repeat","background-position":"center center","background-size":"auto","background-attachment":"scroll","background-type":"","background-media":"","overlay-type":"","overlay-color":"","overlay-opacity":"","overlay-gradient":""},"mobile":{"background-color":"","background-image":"","background-repeat":"repeat","background-position":"center center","background-size":"auto","background-attachment":"scroll","background-type":"","background-media":"","overlay-type":"","overlay-color":"","overlay-opacity":"","overlay-gradient":""}},"ast-content-background-meta":{"desktop":{"background-color":"var(--ast-global-color-4)","background-image":"","background-repeat":"repeat","background-position":"center center","background-size":"auto","background-attachment":"scroll","background-type":"","background-media":"","overlay-type":"","overlay-color":"","overlay-opacity":"","overlay-gradient":""},"tablet":{"background-color":"var(--ast-global-color-4)","background-image":"","background-repeat":"repeat","background-position":"center center","background-size":"auto","background-attachment":"scroll","background-type":"","background-media":"","overlay-type":"","overlay-color":"","overlay-opacity":"","overlay-gradient":""},"mobile":{"background-color":"var(--ast-global-color-4)","background-image":"","background-repeat":"repeat","background-position":"center center","background-size":"auto","background-attachment":"scroll","background-type":"","background-media":"","overlay-type":"","overlay-color":"","overlay-opacity":"","overlay-gradient":""}},"footnotes":""},"categories":[53,1],"tags":[],"class_list":["post-6290","post","type-post","status-publish","format-standard","has-post-thumbnail","hentry","category-corsi-estivi","category-news"],"yoast_head":"<!-- This site is optimized with the Yoast SEO plugin v27.5 - https:\/\/yoast.com\/product\/yoast-seo-wordpress\/ -->\r\n<title>Il suono della Terra - FONDO SOCIALE EUROPEO PLUS -<\/title>\r\n<meta name=\"description\" content=\"Progetto musicale\u00a0\u201cIl suono della Terra\u201d Campo estivo musicale - Fondo Sociale Europeo Plus - FSE + Cos\u00ec l&#039;Europa investe sulle persone\" \/>\r\n<meta name=\"robots\" content=\"index, follow, max-snippet:-1, max-image-preview:large, max-video-preview:-1\" \/>\r\n<link rel=\"canonical\" href=\"https:\/\/www.iltemporale.it\/it\/il-suono-della-terra-fondo-sociale-europeo-plus\/\" \/>\r\n<meta property=\"og:locale\" content=\"it_IT\" \/>\r\n<meta property=\"og:type\" content=\"article\" \/>\r\n<meta property=\"og:title\" content=\"Il suono della Terra - FONDO SOCIALE EUROPEO PLUS -\" \/>\r\n<meta property=\"og:description\" content=\"Progetto musicale\u00a0\u201cIl suono della Terra\u201d Campo estivo musicale - Fondo Sociale Europeo Plus - FSE + Cos\u00ec l&#039;Europa investe sulle persone\" \/>\r\n<meta property=\"og:url\" content=\"https:\/\/www.iltemporale.it\/it\/il-suono-della-terra-fondo-sociale-europeo-plus\/\" \/>\r\n<meta property=\"article:publisher\" content=\"https:\/\/www.facebook.com\/pages\/category\/Nonprofit-Organization\/ASSOCIAZIONE-CULTURALE-IL-TEMPORALE-140967012635154\/\" \/>\r\n<meta property=\"article:published_time\" content=\"2024-01-18T19:44:49+00:00\" \/>\r\n<meta property=\"article:modified_time\" content=\"2024-01-18T19:45:31+00:00\" \/>\r\n<meta property=\"og:image\" content=\"https:\/\/www.iltemporale.it\/it\/wp-content\/uploads\/2024\/01\/IL-SUONO-DELLA-TERRA_FONDO-SOCIALE-EUROPEO-PLUS_IL-TEMPORALE.jpg\" \/>\r\n\t<meta property=\"og:image:width\" content=\"1181\" \/>\r\n\t<meta property=\"og:image:height\" content=\"720\" \/>\r\n\t<meta property=\"og:image:type\" content=\"image\/jpeg\" \/>\r\n<meta name=\"author\" content=\"temporale\" \/>\r\n<meta name=\"twitter:card\" content=\"summary_large_image\" \/>\r\n<meta name=\"twitter:label1\" content=\"Scritto da\" \/>\n\t<meta name=\"twitter:data1\" content=\"temporale\" \/>\n\t<meta name=\"twitter:label2\" content=\"Tempo di lettura stimato\" \/>\n\t<meta name=\"twitter:data2\" content=\"3 minuti\" \/>\r\n<script type=\"application\/ld+json\" class=\"yoast-schema-graph\">{\"@context\":\"https:\\\/\\\/schema.org\",\"@graph\":[{\"@type\":\"Article\",\"@id\":\"https:\\\/\\\/www.iltemporale.it\\\/it\\\/il-suono-della-terra-fondo-sociale-europeo-plus\\\/#article\",\"isPartOf\":{\"@id\":\"https:\\\/\\\/www.iltemporale.it\\\/it\\\/il-suono-della-terra-fondo-sociale-europeo-plus\\\/\"},\"author\":{\"name\":\"temporale\",\"@id\":\"https:\\\/\\\/www.iltemporale.it\\\/it\\\/#\\\/schema\\\/person\\\/702f71b0680103642b0b8ae72a7ede58\"},\"headline\":\"Il suono della Terra &#8211; FONDO SOCIALE EUROPEO PLUS\",\"datePublished\":\"2024-01-18T19:44:49+00:00\",\"dateModified\":\"2024-01-18T19:45:31+00:00\",\"mainEntityOfPage\":{\"@id\":\"https:\\\/\\\/www.iltemporale.it\\\/it\\\/il-suono-della-terra-fondo-sociale-europeo-plus\\\/\"},\"wordCount\":369,\"publisher\":{\"@id\":\"https:\\\/\\\/www.iltemporale.it\\\/it\\\/#organization\"},\"image\":{\"@id\":\"https:\\\/\\\/www.iltemporale.it\\\/it\\\/il-suono-della-terra-fondo-sociale-europeo-plus\\\/#primaryimage\"},\"thumbnailUrl\":\"https:\\\/\\\/www.iltemporale.it\\\/it\\\/wp-content\\\/uploads\\\/2024\\\/01\\\/IL-SUONO-DELLA-TERRA_FONDO-SOCIALE-EUROPEO-PLUS_IL-TEMPORALE.jpg\",\"articleSection\":[\"corsi estivi\",\"News\"],\"inLanguage\":\"it-IT\"},{\"@type\":\"WebPage\",\"@id\":\"https:\\\/\\\/www.iltemporale.it\\\/it\\\/il-suono-della-terra-fondo-sociale-europeo-plus\\\/\",\"url\":\"https:\\\/\\\/www.iltemporale.it\\\/it\\\/il-suono-della-terra-fondo-sociale-europeo-plus\\\/\",\"name\":\"Il suono della Terra - FONDO SOCIALE EUROPEO PLUS -\",\"isPartOf\":{\"@id\":\"https:\\\/\\\/www.iltemporale.it\\\/it\\\/#website\"},\"primaryImageOfPage\":{\"@id\":\"https:\\\/\\\/www.iltemporale.it\\\/it\\\/il-suono-della-terra-fondo-sociale-europeo-plus\\\/#primaryimage\"},\"image\":{\"@id\":\"https:\\\/\\\/www.iltemporale.it\\\/it\\\/il-suono-della-terra-fondo-sociale-europeo-plus\\\/#primaryimage\"},\"thumbnailUrl\":\"https:\\\/\\\/www.iltemporale.it\\\/it\\\/wp-content\\\/uploads\\\/2024\\\/01\\\/IL-SUONO-DELLA-TERRA_FONDO-SOCIALE-EUROPEO-PLUS_IL-TEMPORALE.jpg\",\"datePublished\":\"2024-01-18T19:44:49+00:00\",\"dateModified\":\"2024-01-18T19:45:31+00:00\",\"description\":\"Progetto musicale\u00a0\u201cIl suono della Terra\u201d Campo estivo musicale - Fondo Sociale Europeo Plus - FSE + Cos\u00ec l'Europa investe sulle persone\",\"breadcrumb\":{\"@id\":\"https:\\\/\\\/www.iltemporale.it\\\/it\\\/il-suono-della-terra-fondo-sociale-europeo-plus\\\/#breadcrumb\"},\"inLanguage\":\"it-IT\",\"potentialAction\":[{\"@type\":\"ReadAction\",\"target\":[\"https:\\\/\\\/www.iltemporale.it\\\/it\\\/il-suono-della-terra-fondo-sociale-europeo-plus\\\/\"]}]},{\"@type\":\"ImageObject\",\"inLanguage\":\"it-IT\",\"@id\":\"https:\\\/\\\/www.iltemporale.it\\\/it\\\/il-suono-della-terra-fondo-sociale-europeo-plus\\\/#primaryimage\",\"url\":\"https:\\\/\\\/www.iltemporale.it\\\/it\\\/wp-content\\\/uploads\\\/2024\\\/01\\\/IL-SUONO-DELLA-TERRA_FONDO-SOCIALE-EUROPEO-PLUS_IL-TEMPORALE.jpg\",\"contentUrl\":\"https:\\\/\\\/www.iltemporale.it\\\/it\\\/wp-content\\\/uploads\\\/2024\\\/01\\\/IL-SUONO-DELLA-TERRA_FONDO-SOCIALE-EUROPEO-PLUS_IL-TEMPORALE.jpg\",\"width\":1181,\"height\":720},{\"@type\":\"BreadcrumbList\",\"@id\":\"https:\\\/\\\/www.iltemporale.it\\\/it\\\/il-suono-della-terra-fondo-sociale-europeo-plus\\\/#breadcrumb\",\"itemListElement\":[{\"@type\":\"ListItem\",\"position\":1,\"name\":\"Home\",\"item\":\"https:\\\/\\\/www.iltemporale.it\\\/it\\\/\"},{\"@type\":\"ListItem\",\"position\":2,\"name\":\"Il suono della Terra &#8211; FONDO SOCIALE EUROPEO PLUS\"}]},{\"@type\":\"WebSite\",\"@id\":\"https:\\\/\\\/www.iltemporale.it\\\/it\\\/#website\",\"url\":\"https:\\\/\\\/www.iltemporale.it\\\/it\\\/\",\"name\":\"Il Temporale Associazione Culturale\",\"description\":\"\",\"publisher\":{\"@id\":\"https:\\\/\\\/www.iltemporale.it\\\/it\\\/#organization\"},\"potentialAction\":[{\"@type\":\"SearchAction\",\"target\":{\"@type\":\"EntryPoint\",\"urlTemplate\":\"https:\\\/\\\/www.iltemporale.it\\\/it\\\/?s={search_term_string}\"},\"query-input\":{\"@type\":\"PropertyValueSpecification\",\"valueRequired\":true,\"valueName\":\"search_term_string\"}}],\"inLanguage\":\"it-IT\"},{\"@type\":\"Organization\",\"@id\":\"https:\\\/\\\/www.iltemporale.it\\\/it\\\/#organization\",\"name\":\"ASSOCIAZIONE CULTURALE IL TEMPORALE APS\",\"url\":\"https:\\\/\\\/www.iltemporale.it\\\/it\\\/\",\"logo\":{\"@type\":\"ImageObject\",\"inLanguage\":\"it-IT\",\"@id\":\"https:\\\/\\\/www.iltemporale.it\\\/it\\\/#\\\/schema\\\/logo\\\/image\\\/\",\"url\":\"https:\\\/\\\/www.iltemporale.it\\\/it\\\/wp-content\\\/uploads\\\/2025\\\/11\\\/cropped-cropped-Logo-IL-TEMPORALE-1.jpg\",\"contentUrl\":\"https:\\\/\\\/www.iltemporale.it\\\/it\\\/wp-content\\\/uploads\\\/2025\\\/11\\\/cropped-cropped-Logo-IL-TEMPORALE-1.jpg\",\"width\":2174,\"height\":1093,\"caption\":\"ASSOCIAZIONE CULTURALE IL TEMPORALE APS\"},\"image\":{\"@id\":\"https:\\\/\\\/www.iltemporale.it\\\/it\\\/#\\\/schema\\\/logo\\\/image\\\/\"},\"sameAs\":[\"https:\\\/\\\/www.facebook.com\\\/pages\\\/category\\\/Nonprofit-Organization\\\/ASSOCIAZIONE-CULTURALE-IL-TEMPORALE-140967012635154\\\/\",\"https:\\\/\\\/www.instagram.com\\\/iltemporaleaps\\\/\",\"https:\\\/\\\/www.youtube.com\\\/@scuoladimusicailtemporale7327\"]},{\"@type\":\"Person\",\"@id\":\"https:\\\/\\\/www.iltemporale.it\\\/it\\\/#\\\/schema\\\/person\\\/702f71b0680103642b0b8ae72a7ede58\",\"name\":\"temporale\"}]}<\/script>\r\n<!-- \/ Yoast SEO plugin. -->","yoast_head_json":{"title":"Il suono della Terra - FONDO SOCIALE EUROPEO PLUS -","description":"Progetto musicale\u00a0\u201cIl suono della Terra\u201d Campo estivo musicale - Fondo Sociale Europeo Plus - FSE + Cos\u00ec l'Europa investe sulle persone","robots":{"index":"index","follow":"follow","max-snippet":"max-snippet:-1","max-image-preview":"max-image-preview:large","max-video-preview":"max-video-preview:-1"},"canonical":"https:\/\/www.iltemporale.it\/it\/il-suono-della-terra-fondo-sociale-europeo-plus\/","og_locale":"it_IT","og_type":"article","og_title":"Il suono della Terra - FONDO SOCIALE EUROPEO PLUS -","og_description":"Progetto musicale\u00a0\u201cIl suono della Terra\u201d Campo estivo musicale - Fondo Sociale Europeo Plus - FSE + Cos\u00ec l'Europa investe sulle persone","og_url":"https:\/\/www.iltemporale.it\/it\/il-suono-della-terra-fondo-sociale-europeo-plus\/","article_publisher":"https:\/\/www.facebook.com\/pages\/category\/Nonprofit-Organization\/ASSOCIAZIONE-CULTURALE-IL-TEMPORALE-140967012635154\/","article_published_time":"2024-01-18T19:44:49+00:00","article_modified_time":"2024-01-18T19:45:31+00:00","og_image":[{"width":1181,"height":720,"url":"https:\/\/www.iltemporale.it\/it\/wp-content\/uploads\/2024\/01\/IL-SUONO-DELLA-TERRA_FONDO-SOCIALE-EUROPEO-PLUS_IL-TEMPORALE.jpg","type":"image\/jpeg"}],"author":"temporale","twitter_card":"summary_large_image","twitter_misc":{"Scritto da":"temporale","Tempo di lettura stimato":"3 minuti"},"schema":{"@context":"https:\/\/schema.org","@graph":[{"@type":"Article","@id":"https:\/\/www.iltemporale.it\/it\/il-suono-della-terra-fondo-sociale-europeo-plus\/#article","isPartOf":{"@id":"https:\/\/www.iltemporale.it\/it\/il-suono-della-terra-fondo-sociale-europeo-plus\/"},"author":{"name":"temporale","@id":"https:\/\/www.iltemporale.it\/it\/#\/schema\/person\/702f71b0680103642b0b8ae72a7ede58"},"headline":"Il suono della Terra &#8211; FONDO SOCIALE EUROPEO PLUS","datePublished":"2024-01-18T19:44:49+00:00","dateModified":"2024-01-18T19:45:31+00:00","mainEntityOfPage":{"@id":"https:\/\/www.iltemporale.it\/it\/il-suono-della-terra-fondo-sociale-europeo-plus\/"},"wordCount":369,"publisher":{"@id":"https:\/\/www.iltemporale.it\/it\/#organization"},"image":{"@id":"https:\/\/www.iltemporale.it\/it\/il-suono-della-terra-fondo-sociale-europeo-plus\/#primaryimage"},"thumbnailUrl":"https:\/\/www.iltemporale.it\/it\/wp-content\/uploads\/2024\/01\/IL-SUONO-DELLA-TERRA_FONDO-SOCIALE-EUROPEO-PLUS_IL-TEMPORALE.jpg","articleSection":["corsi estivi","News"],"inLanguage":"it-IT"},{"@type":"WebPage","@id":"https:\/\/www.iltemporale.it\/it\/il-suono-della-terra-fondo-sociale-europeo-plus\/","url":"https:\/\/www.iltemporale.it\/it\/il-suono-della-terra-fondo-sociale-europeo-plus\/","name":"Il suono della Terra - FONDO SOCIALE EUROPEO PLUS -","isPartOf":{"@id":"https:\/\/www.iltemporale.it\/it\/#website"},"primaryImageOfPage":{"@id":"https:\/\/www.iltemporale.it\/it\/il-suono-della-terra-fondo-sociale-europeo-plus\/#primaryimage"},"image":{"@id":"https:\/\/www.iltemporale.it\/it\/il-suono-della-terra-fondo-sociale-europeo-plus\/#primaryimage"},"thumbnailUrl":"https:\/\/www.iltemporale.it\/it\/wp-content\/uploads\/2024\/01\/IL-SUONO-DELLA-TERRA_FONDO-SOCIALE-EUROPEO-PLUS_IL-TEMPORALE.jpg","datePublished":"2024-01-18T19:44:49+00:00","dateModified":"2024-01-18T19:45:31+00:00","description":"Progetto musicale\u00a0\u201cIl suono della Terra\u201d Campo estivo musicale - Fondo Sociale Europeo Plus - FSE + Cos\u00ec l'Europa investe sulle persone","breadcrumb":{"@id":"https:\/\/www.iltemporale.it\/it\/il-suono-della-terra-fondo-sociale-europeo-plus\/#breadcrumb"},"inLanguage":"it-IT","potentialAction":[{"@type":"ReadAction","target":["https:\/\/www.iltemporale.it\/it\/il-suono-della-terra-fondo-sociale-europeo-plus\/"]}]},{"@type":"ImageObject","inLanguage":"it-IT","@id":"https:\/\/www.iltemporale.it\/it\/il-suono-della-terra-fondo-sociale-europeo-plus\/#primaryimage","url":"https:\/\/www.iltemporale.it\/it\/wp-content\/uploads\/2024\/01\/IL-SUONO-DELLA-TERRA_FONDO-SOCIALE-EUROPEO-PLUS_IL-TEMPORALE.jpg","contentUrl":"https:\/\/www.iltemporale.it\/it\/wp-content\/uploads\/2024\/01\/IL-SUONO-DELLA-TERRA_FONDO-SOCIALE-EUROPEO-PLUS_IL-TEMPORALE.jpg","width":1181,"height":720},{"@type":"BreadcrumbList","@id":"https:\/\/www.iltemporale.it\/it\/il-suono-della-terra-fondo-sociale-europeo-plus\/#breadcrumb","itemListElement":[{"@type":"ListItem","position":1,"name":"Home","item":"https:\/\/www.iltemporale.it\/it\/"},{"@type":"ListItem","position":2,"name":"Il suono della Terra &#8211; FONDO SOCIALE EUROPEO PLUS"}]},{"@type":"WebSite","@id":"https:\/\/www.iltemporale.it\/it\/#website","url":"https:\/\/www.iltemporale.it\/it\/","name":"Il Temporale Associazione Culturale","description":"","publisher":{"@id":"https:\/\/www.iltemporale.it\/it\/#organization"},"potentialAction":[{"@type":"SearchAction","target":{"@type":"EntryPoint","urlTemplate":"https:\/\/www.iltemporale.it\/it\/?s={search_term_string}"},"query-input":{"@type":"PropertyValueSpecification","valueRequired":true,"valueName":"search_term_string"}}],"inLanguage":"it-IT"},{"@type":"Organization","@id":"https:\/\/www.iltemporale.it\/it\/#organization","name":"ASSOCIAZIONE CULTURALE IL TEMPORALE APS","url":"https:\/\/www.iltemporale.it\/it\/","logo":{"@type":"ImageObject","inLanguage":"it-IT","@id":"https:\/\/www.iltemporale.it\/it\/#\/schema\/logo\/image\/","url":"https:\/\/www.iltemporale.it\/it\/wp-content\/uploads\/2025\/11\/cropped-cropped-Logo-IL-TEMPORALE-1.jpg","contentUrl":"https:\/\/www.iltemporale.it\/it\/wp-content\/uploads\/2025\/11\/cropped-cropped-Logo-IL-TEMPORALE-1.jpg","width":2174,"height":1093,"caption":"ASSOCIAZIONE CULTURALE IL TEMPORALE APS"},"image":{"@id":"https:\/\/www.iltemporale.it\/it\/#\/schema\/logo\/image\/"},"sameAs":["https:\/\/www.facebook.com\/pages\/category\/Nonprofit-Organization\/ASSOCIAZIONE-CULTURALE-IL-TEMPORALE-140967012635154\/","https:\/\/www.instagram.com\/iltemporaleaps\/","https:\/\/www.youtube.com\/@scuoladimusicailtemporale7327"]},{"@type":"Person","@id":"https:\/\/www.iltemporale.it\/it\/#\/schema\/person\/702f71b0680103642b0b8ae72a7ede58","name":"temporale"}]}},"_links":{"self":[{"href":"https:\/\/www.iltemporale.it\/it\/wp-json\/wp\/v2\/posts\/6290","targetHints":{"allow":["GET"]}}],"collection":[{"href":"https:\/\/www.iltemporale.it\/it\/wp-json\/wp\/v2\/posts"}],"about":[{"href":"https:\/\/www.iltemporale.it\/it\/wp-json\/wp\/v2\/types\/post"}],"author":[{"embeddable":true,"href":"https:\/\/www.iltemporale.it\/it\/wp-json\/wp\/v2\/users\/1"}],"replies":[{"embeddable":true,"href":"https:\/\/www.iltemporale.it\/it\/wp-json\/wp\/v2\/comments?post=6290"}],"version-history":[{"count":13,"href":"https:\/\/www.iltemporale.it\/it\/wp-json\/wp\/v2\/posts\/6290\/revisions"}],"predecessor-version":[{"id":6306,"href":"https:\/\/www.iltemporale.it\/it\/wp-json\/wp\/v2\/posts\/6290\/revisions\/6306"}],"wp:featuredmedia":[{"embeddable":true,"href":"https:\/\/www.iltemporale.it\/it\/wp-json\/wp\/v2\/media\/6304"}],"wp:attachment":[{"href":"https:\/\/www.iltemporale.it\/it\/wp-json\/wp\/v2\/media?parent=6290"}],"wp:term":[{"taxonomy":"category","embeddable":true,"href":"https:\/\/www.iltemporale.it\/it\/wp-json\/wp\/v2\/categories?post=6290"},{"taxonomy":"post_tag","embeddable":true,"href":"https:\/\/www.iltemporale.it\/it\/wp-json\/wp\/v2\/tags?post=6290"}],"curies":[{"name":"wp","href":"https:\/\/api.w.org\/{rel}","templated":true}]}}