{"id":6130,"date":"2023-11-02T17:09:05","date_gmt":"2023-11-02T16:09:05","guid":{"rendered":"https:\/\/www.iltemporale.it\/it\/?p=6130"},"modified":"2023-11-02T17:09:08","modified_gmt":"2023-11-02T16:09:08","slug":"feuerfest","status":"publish","type":"post","link":"https:\/\/www.iltemporale.it\/it\/feuerfest\/","title":{"rendered":"FEUERFEST"},"content":{"rendered":"\n<h1 class=\"wp-block-heading\">FEUERFEST !<\/h1>\n\n\n\n<h4 class=\"wp-block-heading\"><em>\u201cFeuerfest!\u201d \u00e8 il titolo di una Polka francese scritta nel 1869 da Josef Strau\u00df (1827-1870) in occasione della vendita della ventimillesima cassaforte in ferro di un&#8217;azienda viennese. Come effetto particolare, e come dedica al mestiere del fabbro, durante tutta la composizione si sente risuonare ritmicamente una incudine.<\/em><\/h4>\n\n\n\n<div style=\"height:21px\" aria-hidden=\"true\" class=\"wp-block-spacer\"><\/div>\n\n\n\n<h3 class=\"wp-block-heading has-text-align-center\">C&#8217;ERA UNA VOLTA (E C&#8217;\u00c8 ANCORA) UN&#8217;INCUDINE<\/h3>\n\n\n\n<p class=\"has-black-color has-text-color has-medium-font-size\">Vi state chiedendo come sono finita in mezzo ad un&#8217;Orchestra Sinfonica contornata da ragazzi che hanno quasi 100 anni meno di me?<\/p>\n\n\n\n<div class=\"wp-block-media-text has-media-on-the-right is-stacked-on-mobile\" style=\"grid-template-columns:auto 42%\"><div class=\"wp-block-media-text__content\">\n<p class=\"has-black-color has-text-color has-medium-font-size\">In effetti io non sono una tipa da teatri o sale da musica, io vengo da una bottega da fabbro, anche se negli ultimi 40 anni ho sonnecchiato vicino ad un caminetto, accanto ad un martello posato placido al mio fianco.<\/p>\n<\/div><figure class=\"wp-block-media-text__media\"><a href=\"https:\/\/www.iltemporale.it\/it\/evento\/feuerfest\/\"><img loading=\"lazy\" decoding=\"async\" width=\"921\" height=\"595\" src=\"https:\/\/www.iltemporale.it\/it\/wp-content\/uploads\/2023\/11\/Incudine-Feuerfest.jpg\" alt=\"Incudine usata durante l\u2019esecuzione di Feuerfest\" class=\"wp-image-6132 size-full\" srcset=\"https:\/\/www.iltemporale.it\/it\/wp-content\/uploads\/2023\/11\/Incudine-Feuerfest.jpg 921w, https:\/\/www.iltemporale.it\/it\/wp-content\/uploads\/2023\/11\/Incudine-Feuerfest-300x194.jpg 300w, https:\/\/www.iltemporale.it\/it\/wp-content\/uploads\/2023\/11\/Incudine-Feuerfest-768x496.jpg 768w, https:\/\/www.iltemporale.it\/it\/wp-content\/uploads\/2023\/11\/Incudine-Feuerfest-464x300.jpg 464w\" sizes=\"auto, (max-width: 921px) 100vw, 921px\" \/><\/a><\/figure><\/div>\n\n\n\n<p class=\"has-text-align-right\" style=\"font-size:16px\"><em>Incudine usata durante l\u2019esecuzione di \u201cFeuerfest!\u201d<br>al <a href=\"https:\/\/www.iltemporale.it\/it\/evento\/feuerfest\/\">concerto del 17 novembre 2023<\/a><\/em><\/p>\n\n\n\n<div style=\"height:10px\" aria-hidden=\"true\" class=\"wp-block-spacer\"><\/div>\n\n\n\n<h4 class=\"wp-block-heading\"><em>&#8220;Storia di un&#8217;incudine francese: tradizione fabbraia e ferri per cavalli&#8221;<\/em><\/h4>\n\n\n\n<p class=\"has-black-color has-text-color has-medium-font-size\">Visto per\u00f2 che mi hanno portata alla ribalta mi sembra doveroso presentarmi: sono un&#8217;Incudine, un attrezzo usato dal fabbro &#8211; mestiere ormai dimenticato &#8211; per la lavorazione del ferro.<br>Sono nata nel 1912 in Francia, in Borgogna, negli stabilimenti A. Perrin di Til-Ch\u00e2tel (Rue de la Forge, mica scherziamo); come poi sia finita alla Fabbreria, piccolissimo borgo di Bentivoglio, \u00e8 un mistero, ma nella mia stessa bottega c&#8217;era anche un&#8217;altra incudine, un bel po&#8217; pi\u00f9 grande di me e per questo pi\u00f9 professionale ed altezzosa (sfido, lei stava immobile e fissata ad una zocca di legno). Anche lei era francese; veniva dalla Loira, dalle Usines Firminy AFY.<br>Due incudini francesi alla Fabbreria di Bentivoglio, mah. Forse eravamo l\u00e0 per la nostra forma perfetta, per la qualit\u00e0 del materiale con cui siamo fatte, o forse chiss\u00e0 perch\u00e9, di sicuro non \u00e8 rimasto nessuno a cui chiedere, per cui la storia ve la racconto io.<\/p>\n\n\n\n<figure class=\"wp-block-gallery has-nested-images columns-default is-cropped wp-block-gallery-1 is-layout-flex wp-block-gallery-is-layout-flex\">\n<figure class=\"wp-block-image size-large\"><img loading=\"lazy\" decoding=\"async\" width=\"985\" height=\"1024\" data-id=\"6133\" src=\"https:\/\/www.iltemporale.it\/it\/wp-content\/uploads\/2023\/11\/Incudine-Firminy-con-mazza-985x1024.jpg\" alt=\"Incudine Firminy con mazza\" class=\"wp-image-6133\" srcset=\"https:\/\/www.iltemporale.it\/it\/wp-content\/uploads\/2023\/11\/Incudine-Firminy-con-mazza-985x1024.jpg 985w, https:\/\/www.iltemporale.it\/it\/wp-content\/uploads\/2023\/11\/Incudine-Firminy-con-mazza-289x300.jpg 289w, https:\/\/www.iltemporale.it\/it\/wp-content\/uploads\/2023\/11\/Incudine-Firminy-con-mazza-768x799.jpg 768w, https:\/\/www.iltemporale.it\/it\/wp-content\/uploads\/2023\/11\/Incudine-Firminy-con-mazza.jpg 1231w\" sizes=\"auto, (max-width: 985px) 100vw, 985px\" \/><\/figure>\n\n\n\n<figure class=\"wp-block-image size-large\"><img loading=\"lazy\" decoding=\"async\" width=\"1024\" height=\"836\" data-id=\"6134\" src=\"https:\/\/www.iltemporale.it\/it\/wp-content\/uploads\/2023\/11\/lincudine-A.Perrin-1912-1024x836.jpg\" alt=\"lincudine-A.Perrin-1912\" class=\"wp-image-6134\" srcset=\"https:\/\/www.iltemporale.it\/it\/wp-content\/uploads\/2023\/11\/lincudine-A.Perrin-1912-1024x836.jpg 1024w, https:\/\/www.iltemporale.it\/it\/wp-content\/uploads\/2023\/11\/lincudine-A.Perrin-1912-300x245.jpg 300w, https:\/\/www.iltemporale.it\/it\/wp-content\/uploads\/2023\/11\/lincudine-A.Perrin-1912-768x627.jpg 768w, https:\/\/www.iltemporale.it\/it\/wp-content\/uploads\/2023\/11\/lincudine-A.Perrin-1912-367x300.jpg 367w, https:\/\/www.iltemporale.it\/it\/wp-content\/uploads\/2023\/11\/lincudine-A.Perrin-1912.jpg 1280w\" sizes=\"auto, (max-width: 1024px) 100vw, 1024px\" \/><\/figure>\n<\/figure>\n\n\n\n<p style=\"font-size:16px\"><em>Incudine Firminy con mazza<br>La protagonista, l&#8217;incudine A.Perrin 1912, assieme ad altri attrezzi del fabbro<\/em><\/p>\n\n\n\n<div style=\"height:10px\" aria-hidden=\"true\" class=\"wp-block-spacer\"><\/div>\n\n\n\n<h4 class=\"wp-block-heading\"><em>&#8220;Un viaggio nel tempo tra incudini e fabbrerie: i  De&#8217; Maria&#8221;<\/em><\/h4>\n\n\n\n<p class=\"has-black-color has-text-color has-medium-font-size\">Cent&#8217;anni fa la nostra era una bottega di famiglia, i De\u2019 Maria, ed i fabbri che ci lavoravano erano 3 fratelli che avevano come assistenti i 2 figli del fratello maggiore, capo-bottega in quanto primogenito. Nella loro famiglia fare il fabbro era una tradizione, gi\u00e0 5 generazioni si erano avvicendate portando avanti quel mestiere fra San Marino e Saletto e prima ancora a Lovoleto o forse a Ca&#8217; de&#8217; Fabbri.<br>Cinque generazioni per un totale di almeno 12 fabbri della stessa famiglia, tutti sempre impegnati in una \u201cFabbreria\u201d; ce ne erano tante all&#8217;epoca e a guardare con attenzione la cartina geografica, diverse sono rimaste nei nomi di localit\u00e0, fermate di autobus o trattorie.<br>Una volta, in ogni paese, vicino alle stazioni di posta o dove c&#8217;era un&#8217;osteria o una locanda, c&#8217;era sempre almeno una Fabbreria. Solitamente di fianco al fabbro c&#8217;era anche il falegname affinch\u00e9 i carri potessero essere riparati contemporaneamente alla ferratura del cavallo.<\/p>\n\n\n\n<p class=\"has-black-color has-text-color has-medium-font-size\">Nella bottega del fabbro c&#8217;era la fucina, una specie di camino in cui ardeva il fuoco di carbone. Posto sulla fucina, il ferro diventava prima rosso, poi arancione, poi giallo e infine bianco. Quando il colore era giallo-bianco il ferro era alla giusta temperatura per essere malleabile e lavorato; veniva allora modellato sull&#8217;incudine a colpi di mazza e martello, piegato e sagomato con le pinze per prendere la forma desiderata.<\/p>\n\n\n\n<p class=\"has-black-color has-text-color has-medium-font-size\">Noi due incudini stavamo insieme solo alla notte, in bottega, perch\u00e9 di giorno io mi spostavo, stavo all&#8217;esterno sotto al portico oppure andavo via con il fabbro. Ero quella piccolina, pur con i miei 34 kg di peso. Lei (l&#8217;altra) rimaneva dentro alla bottega, nella buia e fuligginosa fucina, rischiarata ogni tanto dai bagliori delle braci e dei ferri arroventati.<\/p>\n\n\n\n<figure class=\"wp-block-image size-large\"><img loading=\"lazy\" decoding=\"async\" width=\"1024\" height=\"705\" src=\"https:\/\/www.iltemporale.it\/it\/wp-content\/uploads\/2023\/11\/cancellata-dell-1926-particolare-di-foglia-1024x705.jpg\" alt=\"\" class=\"wp-image-6140\" srcset=\"https:\/\/www.iltemporale.it\/it\/wp-content\/uploads\/2023\/11\/cancellata-dell-1926-particolare-di-foglia-1024x705.jpg 1024w, https:\/\/www.iltemporale.it\/it\/wp-content\/uploads\/2023\/11\/cancellata-dell-1926-particolare-di-foglia-300x206.jpg 300w, https:\/\/www.iltemporale.it\/it\/wp-content\/uploads\/2023\/11\/cancellata-dell-1926-particolare-di-foglia-768x529.jpg 768w, https:\/\/www.iltemporale.it\/it\/wp-content\/uploads\/2023\/11\/cancellata-dell-1926-particolare-di-foglia-436x300.jpg 436w, https:\/\/www.iltemporale.it\/it\/wp-content\/uploads\/2023\/11\/cancellata-dell-1926-particolare-di-foglia.jpg 1536w\" sizes=\"auto, (max-width: 1024px) 100vw, 1024px\" \/><\/figure>\n\n\n\n<p style=\"font-size:16px\"><em>Piccola sezione di vecchia cancellata costruita nel 1926<br>Particolare di una foglia della cancellata<\/em><\/p>\n\n\n\n<div style=\"height:10px\" aria-hidden=\"true\" class=\"wp-block-spacer\"><\/div>\n\n\n\n<h4 class=\"wp-block-heading\"><em>&#8220;Fabbri e incudini: l&#8217;arte della lavorazione del ferro nel passato&#8221;<\/em><\/h4>\n\n\n\n<p class=\"has-black-color has-text-color has-medium-font-size\">Il lavoro richiedeva capacit\u00e0 professionale e impegnava molto anche dal punto di vista fisico. Quei tre fabbri pi\u00f9 anziani, fratelli fra di loro e quasi cinquantenni all&#8217;epoca, amavano dar sfoggio della loro arte e professionalit\u00e0 battendo ritmica-mente, ed a tempo fra di loro, con i suoni ora cupi ora argentini dei martelli, fra le scie luminose delle scintille.<br>Dicevano che fosse uno spettacolo vederli e starli ad ascoltare\u2026<br>I fabbri costruivano gli oggetti usati dai contadini nelle campagne: zappe, picconi, falci, vomeri per gli aratri, anelli di catene e catenacci, ma anche piccoli oggetti per la cucina, serrature per porte e chiodi di tutti i tipi, inferriate e ringhiere e pure elementi pi\u00f9 nobili come cancellate per le chiese.<br>Ma il lavoro che mi piaceva di pi\u00f9 erano i ferri per i cavalli. Era un&#8217;operazione quasi quotidiana quando l&#8217;unico mezzo di locomozione era il carro trainato dai cavalli, asini e muli.<br>Il fabbro, da un pezzo di metallo, sapeva ricavare a forza di fuoco, martello e incudine dei ferri perfetti su misura, su misura perch\u00e9 ogni animale aveva le sue caratteristiche e le sue esigenze; i ferri erano \u201cle scarpe\u201d indispensabili affinch\u00e9 gli equini potessero camminare a lungo senza consumare lo zoccolo.<\/p>\n\n\n\n<figure class=\"wp-block-image size-large\"><img loading=\"lazy\" decoding=\"async\" width=\"1024\" height=\"342\" src=\"https:\/\/www.iltemporale.it\/it\/wp-content\/uploads\/2023\/11\/portone-della-bottega_chiave_nota-1024x342.jpg\" alt=\"\" class=\"wp-image-6141\" srcset=\"https:\/\/www.iltemporale.it\/it\/wp-content\/uploads\/2023\/11\/portone-della-bottega_chiave_nota-1024x342.jpg 1024w, https:\/\/www.iltemporale.it\/it\/wp-content\/uploads\/2023\/11\/portone-della-bottega_chiave_nota-300x100.jpg 300w, https:\/\/www.iltemporale.it\/it\/wp-content\/uploads\/2023\/11\/portone-della-bottega_chiave_nota-768x257.jpg 768w, https:\/\/www.iltemporale.it\/it\/wp-content\/uploads\/2023\/11\/portone-della-bottega_chiave_nota-1536x513.jpg 1536w, https:\/\/www.iltemporale.it\/it\/wp-content\/uploads\/2023\/11\/portone-della-bottega_chiave_nota-2048x684.jpg 2048w, https:\/\/www.iltemporale.it\/it\/wp-content\/uploads\/2023\/11\/portone-della-bottega_chiave_nota-500x167.jpg 500w\" sizes=\"auto, (max-width: 1024px) 100vw, 1024px\" \/><\/figure>\n\n\n\n<p style=\"font-size:16px\"><em>Interno del portone della bottega con ancora gli appunti scritti a gesso sul legno<br>Serratura e chiave del portone della bottega del fabbro<br>Intestazione nota di conto del 1920<\/em><\/p>\n\n\n\n<div style=\"height:10px\" aria-hidden=\"true\" class=\"wp-block-spacer\"><\/div>\n\n\n\n<p class=\"has-black-color has-text-color has-medium-font-size\">Ricordo ancora le due pareti della bottega coperte di ferri gi\u00e0 pronti, accoppiati a due a due sullo stesso chiodo. Ogni coppia diversa dalle altre, c&#8217;erano i ferri anteriori e posteriori, quelli da ghiaia e quelli da ghiaccio, quelli da cavallo da traino, da cavalcata, ma anche da asino e da mulo. I puledri no, quelli correvano sferrati sui prati.<br>C&#8217;erano talmente tanti ferri che nessuno riusciva mai a contarli. Chi diceva 200, chi diceva 300. Ma non c&#8217;era tempo da perdere a fare gli inventari, di giorno si lavorava duramente in fucina e dopo cena si ferravano i cavalli che fuori in fila nitrivano impazienti perch\u00e9 volevano tornare nella loro stalla.<\/p>\n\n\n\n<p class=\"has-text-align-left has-black-color has-text-color has-medium-font-size\">Tempi ormai andati, quei fabbri e le loro Fabbrerie sono solo ricordi sbiaditi di un mondo che fu; sono rimasta io e oggi per un attimo far\u00f2 riecheggiare quei colpi e quei suoni dimenticati.<br>A proposito, mi hanno detto che la mia nota \u00e8 un fa diesis calante, tenetelo a mente qualsiasi cosa questo voglia dire.<\/p>\n\n\n\n<p class=\"has-text-align-right has-black-color has-text-color has-medium-font-size\"><em><strong>Anna Maria Demaria<\/strong><\/em><\/p>\n\n\n\n<div style=\"height:30px\" aria-hidden=\"true\" class=\"wp-block-spacer\"><\/div>\n","protected":false},"excerpt":{"rendered":"<p>FEUERFEST ! \u201cFeuerfest!\u201d \u00e8 il titolo di una Polka francese scritta nel 1869 da Josef Strau\u00df (1827-1870) in occasione della vendita della ventimillesima cassaforte in ferro di un&#8217;azienda viennese. Come [&hellip;]<\/p>\n","protected":false},"author":1,"featured_media":0,"comment_status":"closed","ping_status":"closed","sticky":false,"template":"","format":"standard","meta":{"site-sidebar-layout":"default","site-content-layout":"","ast-site-content-layout":"default","site-content-style":"default","site-sidebar-style":"default","ast-global-header-display":"","ast-banner-title-visibility":"","ast-main-header-display":"","ast-hfb-above-header-display":"","ast-hfb-below-header-display":"","ast-hfb-mobile-header-display":"","site-post-title":"","ast-breadcrumbs-content":"","ast-featured-img":"","footer-sml-layout":"","ast-disable-related-posts":"","theme-transparent-header-meta":"","adv-header-id-meta":"","stick-header-meta":"","header-above-stick-meta":"","header-main-stick-meta":"","header-below-stick-meta":"","astra-migrate-meta-layouts":"default","ast-page-background-enabled":"default","ast-page-background-meta":{"desktop":{"background-color":"var(--ast-global-color-5)","background-image":"","background-repeat":"repeat","background-position":"center center","background-size":"auto","background-attachment":"scroll","background-type":"","background-media":"","overlay-type":"","overlay-color":"","overlay-opacity":"","overlay-gradient":""},"tablet":{"background-color":"","background-image":"","background-repeat":"repeat","background-position":"center center","background-size":"auto","background-attachment":"scroll","background-type":"","background-media":"","overlay-type":"","overlay-color":"","overlay-opacity":"","overlay-gradient":""},"mobile":{"background-color":"","background-image":"","background-repeat":"repeat","background-position":"center center","background-size":"auto","background-attachment":"scroll","background-type":"","background-media":"","overlay-type":"","overlay-color":"","overlay-opacity":"","overlay-gradient":""}},"ast-content-background-meta":{"desktop":{"background-color":"var(--ast-global-color-4)","background-image":"","background-repeat":"repeat","background-position":"center center","background-size":"auto","background-attachment":"scroll","background-type":"","background-media":"","overlay-type":"","overlay-color":"","overlay-opacity":"","overlay-gradient":""},"tablet":{"background-color":"var(--ast-global-color-4)","background-image":"","background-repeat":"repeat","background-position":"center center","background-size":"auto","background-attachment":"scroll","background-type":"","background-media":"","overlay-type":"","overlay-color":"","overlay-opacity":"","overlay-gradient":""},"mobile":{"background-color":"var(--ast-global-color-4)","background-image":"","background-repeat":"repeat","background-position":"center center","background-size":"auto","background-attachment":"scroll","background-type":"","background-media":"","overlay-type":"","overlay-color":"","overlay-opacity":"","overlay-gradient":""}},"footnotes":""},"categories":[1],"tags":[],"class_list":["post-6130","post","type-post","status-publish","format-standard","hentry","category-news"],"yoast_head":"<!-- This site is optimized with the Yoast SEO plugin v27.5 - https:\/\/yoast.com\/product\/yoast-seo-wordpress\/ -->\r\n<title>FEUERFEST -<\/title>\r\n<meta name=\"description\" content=\"Feuerfest titolo di una Polka francese scritta nel 1869 da Josef Strau\u00df in occasione della vendita della ventimillesima cassaforte in ferro\" \/>\r\n<meta name=\"robots\" content=\"index, follow, max-snippet:-1, max-image-preview:large, max-video-preview:-1\" \/>\r\n<link rel=\"canonical\" href=\"https:\/\/www.iltemporale.it\/it\/feuerfest\/\" \/>\r\n<meta property=\"og:locale\" content=\"it_IT\" \/>\r\n<meta property=\"og:type\" content=\"article\" \/>\r\n<meta property=\"og:title\" content=\"FEUERFEST -\" \/>\r\n<meta property=\"og:description\" content=\"Feuerfest titolo di una Polka francese scritta nel 1869 da Josef Strau\u00df in occasione della vendita della ventimillesima cassaforte in ferro\" \/>\r\n<meta property=\"og:url\" content=\"https:\/\/www.iltemporale.it\/it\/feuerfest\/\" \/>\r\n<meta property=\"article:publisher\" content=\"https:\/\/www.facebook.com\/pages\/category\/Nonprofit-Organization\/ASSOCIAZIONE-CULTURALE-IL-TEMPORALE-140967012635154\/\" \/>\r\n<meta property=\"article:published_time\" content=\"2023-11-02T16:09:05+00:00\" \/>\r\n<meta property=\"article:modified_time\" content=\"2023-11-02T16:09:08+00:00\" \/>\r\n<meta property=\"og:image\" content=\"https:\/\/www.iltemporale.it\/it\/wp-content\/uploads\/2023\/11\/Incudine-Feuerfest.jpg\" \/>\r\n<meta name=\"author\" content=\"temporale\" \/>\r\n<meta name=\"twitter:card\" content=\"summary_large_image\" \/>\r\n<meta name=\"twitter:label1\" content=\"Scritto da\" \/>\n\t<meta name=\"twitter:data1\" content=\"temporale\" \/>\n\t<meta name=\"twitter:label2\" content=\"Tempo di lettura stimato\" \/>\n\t<meta name=\"twitter:data2\" content=\"7 minuti\" \/>\r\n<script type=\"application\/ld+json\" class=\"yoast-schema-graph\">{\"@context\":\"https:\\\/\\\/schema.org\",\"@graph\":[{\"@type\":\"Article\",\"@id\":\"https:\\\/\\\/www.iltemporale.it\\\/it\\\/feuerfest\\\/#article\",\"isPartOf\":{\"@id\":\"https:\\\/\\\/www.iltemporale.it\\\/it\\\/feuerfest\\\/\"},\"author\":{\"name\":\"temporale\",\"@id\":\"https:\\\/\\\/www.iltemporale.it\\\/it\\\/#\\\/schema\\\/person\\\/702f71b0680103642b0b8ae72a7ede58\"},\"headline\":\"FEUERFEST\",\"datePublished\":\"2023-11-02T16:09:05+00:00\",\"dateModified\":\"2023-11-02T16:09:08+00:00\",\"mainEntityOfPage\":{\"@id\":\"https:\\\/\\\/www.iltemporale.it\\\/it\\\/feuerfest\\\/\"},\"wordCount\":1037,\"publisher\":{\"@id\":\"https:\\\/\\\/www.iltemporale.it\\\/it\\\/#organization\"},\"image\":{\"@id\":\"https:\\\/\\\/www.iltemporale.it\\\/it\\\/feuerfest\\\/#primaryimage\"},\"thumbnailUrl\":\"https:\\\/\\\/www.iltemporale.it\\\/it\\\/wp-content\\\/uploads\\\/2023\\\/11\\\/Incudine-Feuerfest.jpg\",\"articleSection\":[\"News\"],\"inLanguage\":\"it-IT\"},{\"@type\":\"WebPage\",\"@id\":\"https:\\\/\\\/www.iltemporale.it\\\/it\\\/feuerfest\\\/\",\"url\":\"https:\\\/\\\/www.iltemporale.it\\\/it\\\/feuerfest\\\/\",\"name\":\"FEUERFEST -\",\"isPartOf\":{\"@id\":\"https:\\\/\\\/www.iltemporale.it\\\/it\\\/#website\"},\"primaryImageOfPage\":{\"@id\":\"https:\\\/\\\/www.iltemporale.it\\\/it\\\/feuerfest\\\/#primaryimage\"},\"image\":{\"@id\":\"https:\\\/\\\/www.iltemporale.it\\\/it\\\/feuerfest\\\/#primaryimage\"},\"thumbnailUrl\":\"https:\\\/\\\/www.iltemporale.it\\\/it\\\/wp-content\\\/uploads\\\/2023\\\/11\\\/Incudine-Feuerfest.jpg\",\"datePublished\":\"2023-11-02T16:09:05+00:00\",\"dateModified\":\"2023-11-02T16:09:08+00:00\",\"description\":\"Feuerfest titolo di una Polka francese scritta nel 1869 da Josef Strau\u00df in occasione della vendita della ventimillesima cassaforte in ferro\",\"breadcrumb\":{\"@id\":\"https:\\\/\\\/www.iltemporale.it\\\/it\\\/feuerfest\\\/#breadcrumb\"},\"inLanguage\":\"it-IT\",\"potentialAction\":[{\"@type\":\"ReadAction\",\"target\":[\"https:\\\/\\\/www.iltemporale.it\\\/it\\\/feuerfest\\\/\"]}]},{\"@type\":\"ImageObject\",\"inLanguage\":\"it-IT\",\"@id\":\"https:\\\/\\\/www.iltemporale.it\\\/it\\\/feuerfest\\\/#primaryimage\",\"url\":\"https:\\\/\\\/www.iltemporale.it\\\/it\\\/wp-content\\\/uploads\\\/2023\\\/11\\\/Incudine-Feuerfest.jpg\",\"contentUrl\":\"https:\\\/\\\/www.iltemporale.it\\\/it\\\/wp-content\\\/uploads\\\/2023\\\/11\\\/Incudine-Feuerfest.jpg\",\"width\":921,\"height\":595},{\"@type\":\"BreadcrumbList\",\"@id\":\"https:\\\/\\\/www.iltemporale.it\\\/it\\\/feuerfest\\\/#breadcrumb\",\"itemListElement\":[{\"@type\":\"ListItem\",\"position\":1,\"name\":\"Home\",\"item\":\"https:\\\/\\\/www.iltemporale.it\\\/it\\\/\"},{\"@type\":\"ListItem\",\"position\":2,\"name\":\"FEUERFEST\"}]},{\"@type\":\"WebSite\",\"@id\":\"https:\\\/\\\/www.iltemporale.it\\\/it\\\/#website\",\"url\":\"https:\\\/\\\/www.iltemporale.it\\\/it\\\/\",\"name\":\"Il Temporale Associazione Culturale\",\"description\":\"\",\"publisher\":{\"@id\":\"https:\\\/\\\/www.iltemporale.it\\\/it\\\/#organization\"},\"potentialAction\":[{\"@type\":\"SearchAction\",\"target\":{\"@type\":\"EntryPoint\",\"urlTemplate\":\"https:\\\/\\\/www.iltemporale.it\\\/it\\\/?s={search_term_string}\"},\"query-input\":{\"@type\":\"PropertyValueSpecification\",\"valueRequired\":true,\"valueName\":\"search_term_string\"}}],\"inLanguage\":\"it-IT\"},{\"@type\":\"Organization\",\"@id\":\"https:\\\/\\\/www.iltemporale.it\\\/it\\\/#organization\",\"name\":\"ASSOCIAZIONE CULTURALE IL TEMPORALE APS\",\"url\":\"https:\\\/\\\/www.iltemporale.it\\\/it\\\/\",\"logo\":{\"@type\":\"ImageObject\",\"inLanguage\":\"it-IT\",\"@id\":\"https:\\\/\\\/www.iltemporale.it\\\/it\\\/#\\\/schema\\\/logo\\\/image\\\/\",\"url\":\"https:\\\/\\\/www.iltemporale.it\\\/it\\\/wp-content\\\/uploads\\\/2025\\\/11\\\/cropped-cropped-Logo-IL-TEMPORALE-1.jpg\",\"contentUrl\":\"https:\\\/\\\/www.iltemporale.it\\\/it\\\/wp-content\\\/uploads\\\/2025\\\/11\\\/cropped-cropped-Logo-IL-TEMPORALE-1.jpg\",\"width\":2174,\"height\":1093,\"caption\":\"ASSOCIAZIONE CULTURALE IL TEMPORALE APS\"},\"image\":{\"@id\":\"https:\\\/\\\/www.iltemporale.it\\\/it\\\/#\\\/schema\\\/logo\\\/image\\\/\"},\"sameAs\":[\"https:\\\/\\\/www.facebook.com\\\/pages\\\/category\\\/Nonprofit-Organization\\\/ASSOCIAZIONE-CULTURALE-IL-TEMPORALE-140967012635154\\\/\",\"https:\\\/\\\/www.instagram.com\\\/iltemporaleaps\\\/\",\"https:\\\/\\\/www.youtube.com\\\/@scuoladimusicailtemporale7327\"]},{\"@type\":\"Person\",\"@id\":\"https:\\\/\\\/www.iltemporale.it\\\/it\\\/#\\\/schema\\\/person\\\/702f71b0680103642b0b8ae72a7ede58\",\"name\":\"temporale\"}]}<\/script>\r\n<!-- \/ Yoast SEO plugin. -->","yoast_head_json":{"title":"FEUERFEST -","description":"Feuerfest titolo di una Polka francese scritta nel 1869 da Josef Strau\u00df in occasione della vendita della ventimillesima cassaforte in ferro","robots":{"index":"index","follow":"follow","max-snippet":"max-snippet:-1","max-image-preview":"max-image-preview:large","max-video-preview":"max-video-preview:-1"},"canonical":"https:\/\/www.iltemporale.it\/it\/feuerfest\/","og_locale":"it_IT","og_type":"article","og_title":"FEUERFEST -","og_description":"Feuerfest titolo di una Polka francese scritta nel 1869 da Josef Strau\u00df in occasione della vendita della ventimillesima cassaforte in ferro","og_url":"https:\/\/www.iltemporale.it\/it\/feuerfest\/","article_publisher":"https:\/\/www.facebook.com\/pages\/category\/Nonprofit-Organization\/ASSOCIAZIONE-CULTURALE-IL-TEMPORALE-140967012635154\/","article_published_time":"2023-11-02T16:09:05+00:00","article_modified_time":"2023-11-02T16:09:08+00:00","og_image":[{"url":"https:\/\/www.iltemporale.it\/it\/wp-content\/uploads\/2023\/11\/Incudine-Feuerfest.jpg","type":"","width":"","height":""}],"author":"temporale","twitter_card":"summary_large_image","twitter_misc":{"Scritto da":"temporale","Tempo di lettura stimato":"7 minuti"},"schema":{"@context":"https:\/\/schema.org","@graph":[{"@type":"Article","@id":"https:\/\/www.iltemporale.it\/it\/feuerfest\/#article","isPartOf":{"@id":"https:\/\/www.iltemporale.it\/it\/feuerfest\/"},"author":{"name":"temporale","@id":"https:\/\/www.iltemporale.it\/it\/#\/schema\/person\/702f71b0680103642b0b8ae72a7ede58"},"headline":"FEUERFEST","datePublished":"2023-11-02T16:09:05+00:00","dateModified":"2023-11-02T16:09:08+00:00","mainEntityOfPage":{"@id":"https:\/\/www.iltemporale.it\/it\/feuerfest\/"},"wordCount":1037,"publisher":{"@id":"https:\/\/www.iltemporale.it\/it\/#organization"},"image":{"@id":"https:\/\/www.iltemporale.it\/it\/feuerfest\/#primaryimage"},"thumbnailUrl":"https:\/\/www.iltemporale.it\/it\/wp-content\/uploads\/2023\/11\/Incudine-Feuerfest.jpg","articleSection":["News"],"inLanguage":"it-IT"},{"@type":"WebPage","@id":"https:\/\/www.iltemporale.it\/it\/feuerfest\/","url":"https:\/\/www.iltemporale.it\/it\/feuerfest\/","name":"FEUERFEST -","isPartOf":{"@id":"https:\/\/www.iltemporale.it\/it\/#website"},"primaryImageOfPage":{"@id":"https:\/\/www.iltemporale.it\/it\/feuerfest\/#primaryimage"},"image":{"@id":"https:\/\/www.iltemporale.it\/it\/feuerfest\/#primaryimage"},"thumbnailUrl":"https:\/\/www.iltemporale.it\/it\/wp-content\/uploads\/2023\/11\/Incudine-Feuerfest.jpg","datePublished":"2023-11-02T16:09:05+00:00","dateModified":"2023-11-02T16:09:08+00:00","description":"Feuerfest titolo di una Polka francese scritta nel 1869 da Josef Strau\u00df in occasione della vendita della ventimillesima cassaforte in ferro","breadcrumb":{"@id":"https:\/\/www.iltemporale.it\/it\/feuerfest\/#breadcrumb"},"inLanguage":"it-IT","potentialAction":[{"@type":"ReadAction","target":["https:\/\/www.iltemporale.it\/it\/feuerfest\/"]}]},{"@type":"ImageObject","inLanguage":"it-IT","@id":"https:\/\/www.iltemporale.it\/it\/feuerfest\/#primaryimage","url":"https:\/\/www.iltemporale.it\/it\/wp-content\/uploads\/2023\/11\/Incudine-Feuerfest.jpg","contentUrl":"https:\/\/www.iltemporale.it\/it\/wp-content\/uploads\/2023\/11\/Incudine-Feuerfest.jpg","width":921,"height":595},{"@type":"BreadcrumbList","@id":"https:\/\/www.iltemporale.it\/it\/feuerfest\/#breadcrumb","itemListElement":[{"@type":"ListItem","position":1,"name":"Home","item":"https:\/\/www.iltemporale.it\/it\/"},{"@type":"ListItem","position":2,"name":"FEUERFEST"}]},{"@type":"WebSite","@id":"https:\/\/www.iltemporale.it\/it\/#website","url":"https:\/\/www.iltemporale.it\/it\/","name":"Il Temporale Associazione Culturale","description":"","publisher":{"@id":"https:\/\/www.iltemporale.it\/it\/#organization"},"potentialAction":[{"@type":"SearchAction","target":{"@type":"EntryPoint","urlTemplate":"https:\/\/www.iltemporale.it\/it\/?s={search_term_string}"},"query-input":{"@type":"PropertyValueSpecification","valueRequired":true,"valueName":"search_term_string"}}],"inLanguage":"it-IT"},{"@type":"Organization","@id":"https:\/\/www.iltemporale.it\/it\/#organization","name":"ASSOCIAZIONE CULTURALE IL TEMPORALE APS","url":"https:\/\/www.iltemporale.it\/it\/","logo":{"@type":"ImageObject","inLanguage":"it-IT","@id":"https:\/\/www.iltemporale.it\/it\/#\/schema\/logo\/image\/","url":"https:\/\/www.iltemporale.it\/it\/wp-content\/uploads\/2025\/11\/cropped-cropped-Logo-IL-TEMPORALE-1.jpg","contentUrl":"https:\/\/www.iltemporale.it\/it\/wp-content\/uploads\/2025\/11\/cropped-cropped-Logo-IL-TEMPORALE-1.jpg","width":2174,"height":1093,"caption":"ASSOCIAZIONE CULTURALE IL TEMPORALE APS"},"image":{"@id":"https:\/\/www.iltemporale.it\/it\/#\/schema\/logo\/image\/"},"sameAs":["https:\/\/www.facebook.com\/pages\/category\/Nonprofit-Organization\/ASSOCIAZIONE-CULTURALE-IL-TEMPORALE-140967012635154\/","https:\/\/www.instagram.com\/iltemporaleaps\/","https:\/\/www.youtube.com\/@scuoladimusicailtemporale7327"]},{"@type":"Person","@id":"https:\/\/www.iltemporale.it\/it\/#\/schema\/person\/702f71b0680103642b0b8ae72a7ede58","name":"temporale"}]}},"_links":{"self":[{"href":"https:\/\/www.iltemporale.it\/it\/wp-json\/wp\/v2\/posts\/6130","targetHints":{"allow":["GET"]}}],"collection":[{"href":"https:\/\/www.iltemporale.it\/it\/wp-json\/wp\/v2\/posts"}],"about":[{"href":"https:\/\/www.iltemporale.it\/it\/wp-json\/wp\/v2\/types\/post"}],"author":[{"embeddable":true,"href":"https:\/\/www.iltemporale.it\/it\/wp-json\/wp\/v2\/users\/1"}],"replies":[{"embeddable":true,"href":"https:\/\/www.iltemporale.it\/it\/wp-json\/wp\/v2\/comments?post=6130"}],"version-history":[{"count":2,"href":"https:\/\/www.iltemporale.it\/it\/wp-json\/wp\/v2\/posts\/6130\/revisions"}],"predecessor-version":[{"id":6142,"href":"https:\/\/www.iltemporale.it\/it\/wp-json\/wp\/v2\/posts\/6130\/revisions\/6142"}],"wp:attachment":[{"href":"https:\/\/www.iltemporale.it\/it\/wp-json\/wp\/v2\/media?parent=6130"}],"wp:term":[{"taxonomy":"category","embeddable":true,"href":"https:\/\/www.iltemporale.it\/it\/wp-json\/wp\/v2\/categories?post=6130"},{"taxonomy":"post_tag","embeddable":true,"href":"https:\/\/www.iltemporale.it\/it\/wp-json\/wp\/v2\/tags?post=6130"}],"curies":[{"name":"wp","href":"https:\/\/api.w.org\/{rel}","templated":true}]}}