{"id":5459,"date":"2023-03-01T21:57:15","date_gmt":"2023-03-01T20:57:15","guid":{"rendered":"https:\/\/www.iltemporale.it\/it\/?p=5459"},"modified":"2023-03-03T13:06:59","modified_gmt":"2023-03-03T12:06:59","slug":"la-musica-a-casa-pizzardi-in-una-bologna-che-non-ti-aspetti","status":"publish","type":"post","link":"https:\/\/www.iltemporale.it\/it\/la-musica-a-casa-pizzardi-in-una-bologna-che-non-ti-aspetti\/","title":{"rendered":"La musica a casa Pizzardi"},"content":{"rendered":"\n<h1 class=\"wp-block-heading\">&#8220;Tra passato e futuro: la musica a casa Pizzardi in una Bologna che non ti aspetti&#8221;<\/h1>\n\n\n\n<div style=\"height:9px\" aria-hidden=\"true\" class=\"wp-block-spacer\"><\/div>\n\n\n\n<hr class=\"wp-block-separator has-alpha-channel-opacity\"\/>\n\n\n\n<p><em>Anche il Temporale ha voluto celebrare il Centenario della scomparsa di Carlo Alberto Pizzardi (1922-2022) con le rassegne estiva ed invernale del XXVI Festival intitolato \u201c<a href=\"https:\/\/www.iltemporale.it\/it\/xxvi-festival-2022\/\">Agli amanti delle arti e delle patrie storie<\/a>\u201d dove si sono affiancati concerti e spettacoli a 7 \u201cracconti pizzardiani\u201d. <\/em><\/p>\n\n\n\n<div class=\"wp-block-media-text alignwide has-media-on-the-right is-stacked-on-mobile\" style=\"grid-template-columns:auto 21%\"><div class=\"wp-block-media-text__content\">\n<p><em>L\u2019evento conclusivo del ciclo si \u00e8 tenuto la sera del 26 dicembre 2022 in onore dell\u2019amica Riko Kobayashi, arrivata dal Giappone proprio il giorno di Natale. Con Riko e con gli altri amici presenti si \u00e8 ripercorsa la storia della famiglia Pizzardi e di Carlo Alberto Pizzardi in particolare. Il racconto \u00e8 stato intervallato da momenti musicali a cura di due allieve della Scuola di Musica Il Temporale accompagnate dal Maestro <a href=\"https:\/\/www.emilianobernagozzi.it\/\">Emiliano Bernagozzi<\/a> e da un brindisi con un vermouth&#8230; non scelto a caso.<\/em><\/p>\n<\/div><figure class=\"wp-block-media-text__media\"><img loading=\"lazy\" decoding=\"async\" width=\"225\" height=\"300\" src=\"https:\/\/www.iltemporale.it\/it\/wp-content\/uploads\/2023\/03\/Riserva-Carlo-Alberto-Vermouth-e1677844860454.jpg\" alt=\"\" class=\"wp-image-5488 size-full\"\/><\/figure><\/div>\n\n\n\n<p><em>Il tutto d\u2019epoca \u201cpizzardiana\u201d e nella magnifica cornice della Sala dello Zodiaco di Palazzo Rosso. La musica era molto importante in quei decenni e lo era soprattutto a casa Pizzardi; come contributo alle celebrazioni del Centenario Pizzardiano vogliamo condividere un importante racconto scritto dalla Prof.ssa Maria Chiara Mazzi, Musicologa e Storica, proprio per la rassegna autunnale del XXVI Festival Internazionale di Musica da Camera.<\/em><\/p>\n\n\n\n<hr class=\"wp-block-separator has-alpha-channel-opacity\"\/>\n\n\n\n<div style=\"height:9px\" aria-hidden=\"true\" class=\"wp-block-spacer\"><\/div>\n\n\n\n<h3 class=\"wp-block-heading\">L&#8217;importanza della musica per la citt\u00e0 di Bologna dopo la proclamazione del Regno d&#8217;Italia<\/h3>\n\n\n\n<p class=\"has-medium-font-size\">Raccontare del rapporto tra i Pizzardi e la musica significa tornare ad una Bologna di 150 anni fa e riscoprirne un volto inatteso. Ma cominciamo dall&#8217;inizio.<\/p>\n\n\n\n<p class=\"has-medium-font-size\">Dopo la proclamazione del Regno d&#8217;Italia, Bologna, gi\u00e0 seconda citt\u00e0 dello Stato Pontificio, si sente deprivata della sua centralit\u00e0 culturale. Decadono le sue istituzioni e anche l&#8217;antica Universit\u00e0 non \u00e8 pi\u00f9 un richiamo per docenti e studenti\u2026<\/p>\n\n\n\n<p class=\"has-medium-font-size\">Che fare?<\/p>\n\n\n\n<p class=\"has-medium-font-size\">\u00c8 alla fine degli anni Sessanta che politici e letterati, storici, ricercatori e giornalisti decidono di trovare nella&nbsp; musica la possibilit\u00e0 di riscattare la &#8216;dotta&#8217; Bologna agli occhi del mondo. Ma quale musica proporre per essere al centro dell&#8217;attenzione?<\/p>\n\n\n\n<div style=\"height:9px\" aria-hidden=\"true\" class=\"wp-block-spacer\"><\/div>\n\n\n\n<h3 class=\"wp-block-heading\">L&#8217;importanza della musica operistica italiana e la necessit\u00e0 di promuovere la musica strumentale del Classicismo e del Romanticismo<\/h3>\n\n\n\n<p class=\"has-medium-font-size\">\u00c8 presto detto: in Italia, da fine Settecento il solo repertorio eseguito \u00e8 quello operistico&nbsp; italiano, dominato nel Risorgimento dal Verdi e questa passione ostacola l&#8217;esecuzione pubblica sia dell&#8217;opera europea che dell&#8217;immenso repertorio strumentale del&nbsp; Classicismo e del Romanticismo. Ed \u00e8 questo lo spazio da occupare perch\u00e9 il mondo intero parli di Bologna!<\/p>\n\n\n\n<p class=\"has-medium-font-size\">Unite le forze vitali del Liceo Musicale e del Teatro Comunale inizia un&#8217;azione che non ha eguali e che nel novembre 1871 porta per la prima volta in un teatro italiano un&#8217;opera di Wagner.<\/p>\n\n\n\n<p class=\"has-medium-font-size\">Ma non basta ancora: occorre cominciare a promuovere pubblicamente anche la musica strumentale, fino ad allora eseguita quasi clandestinamente in riunioni di scelti ascoltatori aperti alle esperienze pi\u00f9 strane i quali, nei ridotti spazi dei salotti, osavano ascoltare le pagine strumentali di Mozart e di Schubert, eseguite da artisti stranieri o dai pochi italiani formatisi a quei misteriosi repertori.<\/p>\n\n\n\n<div style=\"height:9px\" aria-hidden=\"true\" class=\"wp-block-spacer\"><\/div>\n\n\n\n<figure class=\"wp-block-image aligncenter size-full is-style-default\"><img loading=\"lazy\" decoding=\"async\" width=\"400\" height=\"284\" src=\"https:\/\/www.iltemporale.it\/it\/wp-content\/uploads\/2023\/03\/Maria-Chiara-Mazzi.jpg\" alt=\"Maria Chiara Mazzi\" class=\"wp-image-5490\" srcset=\"https:\/\/www.iltemporale.it\/it\/wp-content\/uploads\/2023\/03\/Maria-Chiara-Mazzi.jpg 400w, https:\/\/www.iltemporale.it\/it\/wp-content\/uploads\/2023\/03\/Maria-Chiara-Mazzi-300x213.jpg 300w\" sizes=\"auto, (max-width: 400px) 100vw, 400px\" \/><figcaption class=\"wp-element-caption\">Maria Chiara Mazzi Musicologa e Storica<\/figcaption><\/figure>\n\n\n\n<div style=\"height:9px\" aria-hidden=\"true\" class=\"wp-block-spacer\"><\/div>\n\n\n\n<h3 class=\"wp-block-heading\">La creazione del Quartetto di Bologna e la promozione della musica strumentale<\/h3>\n\n\n\n<p class=\"has-medium-font-size\">Cos\u00ec, in citt\u00e0, dapprima sonate e sinfonie vengono proposte nei &#8216;saggi finali&#8217; del Liceo Musicale, poi si forma un complesso professionale, il Quartetto di Bologna (Federico Sarti e Adolfo Massarenti, violini, Angelo Consolini, viola e Francesco Serato, violoncello) che si dedica appunto all&#8217;esecuzione del repertorio che dagli anni Settanta del &#8216;700 aveva visto in successione i capolavori di Haydn, Beethoven, Schubert e Brahms del tutto ignoti in Italia.<\/p>\n\n\n\n<div style=\"height:9px\" aria-hidden=\"true\" class=\"wp-block-spacer\"><\/div>\n\n\n\n<h3 class=\"wp-block-heading\">Il lavoro della musicologia nel recupero e nella riesecuzione della musica del passato<\/h3>\n\n\n\n<p class=\"has-medium-font-size\">Nel frattempo, grazie alla musicologia (disciplina anche&#8217;essa di importazione) si lavora anche al recupero e alla riesecuzione della musica del passato, complice il lascito librario di Padre Martini. E se gli architetti costruiscono (o ricostruiscono) monumenti neogotici in citt\u00e0 e in campagna (basti pensare ai rifacimenti di Alfonso Rubbiani e alle decorazione degli artisti dell&#8217;Aemilia Ars proprio a Bentivoglio), gli strumentisti rieseguono, a fianco dei &#8216;tedeschi moderni&#8217; gli &#8216;italiani antichi&#8217;&nbsp; considerati come radici del grande strumentalismo europeo e consegnando a Bologna, al suo Liceo e alla sua Biblioteca un altro e altrettanto glorioso primato.<\/p>\n\n\n\n<p class=\"has-medium-font-size\">Tuttavia, dopo la riscoperta, bisogna divulgare il pi\u00f9 possibile questi antichi e nuovi repertori\u2026<\/p>\n\n\n\n<p class=\"has-medium-font-size\">L&#8217;anno cruciale, in questo nostro racconto, \u00e8 il 1879, quando il compositore e direttore d&#8217;orchestra (oltre che del Liceo) Luigi Mancinelli inaugura in autunno la prima Stagione dei Concerti Popolari al Teatro Brunetti per presentare, in una sala &#8216;alternativa&#8217; a quella del Comunale, il pi\u00f9 celebre repertorio sinfonico.<\/p>\n\n\n\n<div style=\"height:9px\" aria-hidden=\"true\" class=\"wp-block-spacer\"><\/div>\n\n\n\n<h3 class=\"wp-block-heading\">La nascita della Societ\u00e0 del Quartetto Pizzardi e la promozione della buona musica con privati e pubblici concerti<\/h3>\n\n\n\n<p class=\"has-medium-font-size\">Ma il 1\u00b0 agosto di quello stesso 1879, nel palazzo di famiglia in via D&#8217;Azeglio, Camillo Pizzardi, \u201cgiovane e ricco patrizio bolognese, molto colto e di molta istruzione\u201d, assieme a Salinas e a Mancinelli fonda la Societ\u00e0 del Quartetto con lo scopo \u201cdi promuovere e diffondere il culto per la buona musica con privati e pubblici concerti\u201d, sulla scia di analoghe associazioni gi\u00e0 presenti a Milano, Roma, Firenze e Napoli.<\/p>\n\n\n\n<div style=\"height:9px\" aria-hidden=\"true\" class=\"wp-block-spacer\"><\/div>\n\n\n\n<h3 class=\"wp-block-heading\">La descrizione della riunione dei membri della societ\u00e0 e la presenza di importanti appassionati di musica<\/h3>\n\n\n\n<p class=\"has-medium-font-size\">A dire il vero, erano gi\u00e0 due anni che Camillo riuniva nelle sale del proprio palazzo un&nbsp; piccolo gruppo di appassionati,&nbsp; tra i quali il giornalista Gustavo Sangiorgi, direttore del periodico l&#8217;\u00abArpa\u00bb, che scrive:&nbsp;&nbsp;&nbsp;&nbsp;<\/p>\n\n\n\n<p class=\"has-medium-font-size\">La riunione era sceltissima. I molti buongustai erano capitanati da Golinelli, da Busi, e da altri valenti cultori e l&#8217;ambiente aveva l&#8217;atmosfera adatta al genere di musica che si eseguiva. Onde il sorgere di questo nucleo privato di cultori di musiche classiche da camera pu\u00f2 esser considerato come una novella e pi\u00f9 rigogliosa fruttificazione del precedente e rossiniano ancor timido indirizzo d&#8217;arte. Non passarono di molti anni che la ristretta istituzione del Pizzardi ogni giorno di pi\u00f9 corroborandosi e ampliandosi si trasform\u00f2 in una vera pubblica societ\u00e0 che, conservando molti dei caratteri aristocratici originari, divenne un centro d&#8217;irradiazione della coltura musicale cittadina.<\/p>\n\n\n\n<p class=\"has-medium-font-size\">Nelle stesse sale, il 24 novembre del 1879, viene diretto da Mancinelli il primo concerto &#8216;ufficiale&#8217; della Societ\u00e0 che, con musiche di Mozart, Weber, Mendelssohn, Liszt, dichiara apertamente gli obiettivi della programmazione, ricchissima e varia, nella quale i grandi della musica europea si alternano e si affiancano ai monumenti del barocco italiano.<\/p>\n\n\n\n<p class=\"has-medium-font-size\">Dopo qualche tempo i concerti si spostano da Palazzo Pizzardi alla sala grande del Liceo Musicale e da quella, nel 1888 a coronamento delle celebrazioni del centenario dell&#8217;Alma Mater, al Teatro Comunale, dove verranno ospitati straordinari solisti e prestigiosi direttori tra i quali, nel 1905, anche Arturo Toscanini.<\/p>\n\n\n\n<p class=\"has-medium-font-size\">Nemmeno a dirlo, la Societ\u00e0 subisce le alterne fortune del marchese Camillo e chiude i battenti nel 1937, dopo avere programmato nei suoi quasi sessant&#8217;anni di vita oltre quattrocento concerti. Appuntamenti che hanno consentito di aprire Bologna all&#8217;Europa e portare il mondo in citt\u00e0, e i cui programmi, che conservano curiose sorprese e meraviglie inattese, ci raccontano ancora oggi della straordinaria volont\u00e0 e vitalit\u00e0 culturale di quegli anni.<\/p>\n\n\n\n<p class=\"has-text-align-right has-medium-font-size\"><em><strong>Maria Chiara Mazzi<\/strong><\/em><\/p>\n","protected":false},"excerpt":{"rendered":"<p>&#8220;Tra passato e futuro: la musica a casa Pizzardi in una Bologna che non ti aspetti&#8221; Anche il Temporale ha voluto celebrare il Centenario della scomparsa di Carlo Alberto Pizzardi [&hellip;]<\/p>\n","protected":false},"author":1,"featured_media":0,"comment_status":"closed","ping_status":"closed","sticky":false,"template":"","format":"standard","meta":{"site-sidebar-layout":"default","site-content-layout":"","ast-site-content-layout":"default","site-content-style":"default","site-sidebar-style":"default","ast-global-header-display":"","ast-banner-title-visibility":"","ast-main-header-display":"","ast-hfb-above-header-display":"","ast-hfb-below-header-display":"","ast-hfb-mobile-header-display":"","site-post-title":"","ast-breadcrumbs-content":"","ast-featured-img":"","footer-sml-layout":"","ast-disable-related-posts":"","theme-transparent-header-meta":"","adv-header-id-meta":"","stick-header-meta":"","header-above-stick-meta":"","header-main-stick-meta":"","header-below-stick-meta":"","astra-migrate-meta-layouts":"default","ast-page-background-enabled":"default","ast-page-background-meta":{"desktop":{"background-color":"var(--ast-global-color-5)","background-image":"","background-repeat":"repeat","background-position":"center center","background-size":"auto","background-attachment":"scroll","background-type":"","background-media":"","overlay-type":"","overlay-color":"","overlay-opacity":"","overlay-gradient":""},"tablet":{"background-color":"","background-image":"","background-repeat":"repeat","background-position":"center center","background-size":"auto","background-attachment":"scroll","background-type":"","background-media":"","overlay-type":"","overlay-color":"","overlay-opacity":"","overlay-gradient":""},"mobile":{"background-color":"","background-image":"","background-repeat":"repeat","background-position":"center center","background-size":"auto","background-attachment":"scroll","background-type":"","background-media":"","overlay-type":"","overlay-color":"","overlay-opacity":"","overlay-gradient":""}},"ast-content-background-meta":{"desktop":{"background-color":"var(--ast-global-color-4)","background-image":"","background-repeat":"repeat","background-position":"center center","background-size":"auto","background-attachment":"scroll","background-type":"","background-media":"","overlay-type":"","overlay-color":"","overlay-opacity":"","overlay-gradient":""},"tablet":{"background-color":"var(--ast-global-color-4)","background-image":"","background-repeat":"repeat","background-position":"center center","background-size":"auto","background-attachment":"scroll","background-type":"","background-media":"","overlay-type":"","overlay-color":"","overlay-opacity":"","overlay-gradient":""},"mobile":{"background-color":"var(--ast-global-color-4)","background-image":"","background-repeat":"repeat","background-position":"center center","background-size":"auto","background-attachment":"scroll","background-type":"","background-media":"","overlay-type":"","overlay-color":"","overlay-opacity":"","overlay-gradient":""}},"footnotes":""},"categories":[1],"tags":[22],"class_list":["post-5459","post","type-post","status-publish","format-standard","hentry","category-news","tag-festival-musica-da-camera"],"yoast_head":"<!-- This site is optimized with the Yoast SEO plugin v27.5 - https:\/\/yoast.com\/product\/yoast-seo-wordpress\/ -->\r\n<title>La musica a casa Pizzardi -<\/title>\r\n<meta name=\"description\" content=\"Raccontare del rapporto tra i Pizzardi e la musica significa tornare ad una Bologna di 150 anni fa e riscoprirne un volto inatteso...\" \/>\r\n<meta name=\"robots\" content=\"index, follow, max-snippet:-1, max-image-preview:large, max-video-preview:-1\" \/>\r\n<link rel=\"canonical\" href=\"https:\/\/www.iltemporale.it\/it\/la-musica-a-casa-pizzardi-in-una-bologna-che-non-ti-aspetti\/\" \/>\r\n<meta property=\"og:locale\" content=\"it_IT\" \/>\r\n<meta property=\"og:type\" content=\"article\" \/>\r\n<meta property=\"og:title\" content=\"La musica a casa Pizzardi -\" \/>\r\n<meta property=\"og:description\" content=\"Raccontare del rapporto tra i Pizzardi e la musica significa tornare ad una Bologna di 150 anni fa e riscoprirne un volto inatteso...\" \/>\r\n<meta property=\"og:url\" content=\"https:\/\/www.iltemporale.it\/it\/la-musica-a-casa-pizzardi-in-una-bologna-che-non-ti-aspetti\/\" \/>\r\n<meta property=\"article:publisher\" content=\"https:\/\/www.facebook.com\/pages\/category\/Nonprofit-Organization\/ASSOCIAZIONE-CULTURALE-IL-TEMPORALE-140967012635154\/\" \/>\r\n<meta property=\"article:published_time\" content=\"2023-03-01T20:57:15+00:00\" \/>\r\n<meta property=\"article:modified_time\" content=\"2023-03-03T12:06:59+00:00\" \/>\r\n<meta property=\"og:image\" content=\"https:\/\/www.iltemporale.it\/it\/wp-content\/uploads\/2023\/03\/Riserva-Carlo-Alberto-Vermouth-e1677844860454.jpg\" \/>\r\n<meta name=\"author\" content=\"temporale\" \/>\r\n<meta name=\"twitter:card\" content=\"summary_large_image\" \/>\r\n<meta name=\"twitter:label1\" content=\"Scritto da\" \/>\n\t<meta name=\"twitter:data1\" content=\"temporale\" \/>\n\t<meta name=\"twitter:label2\" content=\"Tempo di lettura stimato\" \/>\n\t<meta name=\"twitter:data2\" content=\"7 minuti\" \/>\r\n<script type=\"application\/ld+json\" class=\"yoast-schema-graph\">{\"@context\":\"https:\\\/\\\/schema.org\",\"@graph\":[{\"@type\":\"Article\",\"@id\":\"https:\\\/\\\/www.iltemporale.it\\\/it\\\/la-musica-a-casa-pizzardi-in-una-bologna-che-non-ti-aspetti\\\/#article\",\"isPartOf\":{\"@id\":\"https:\\\/\\\/www.iltemporale.it\\\/it\\\/la-musica-a-casa-pizzardi-in-una-bologna-che-non-ti-aspetti\\\/\"},\"author\":{\"name\":\"temporale\",\"@id\":\"https:\\\/\\\/www.iltemporale.it\\\/it\\\/#\\\/schema\\\/person\\\/702f71b0680103642b0b8ae72a7ede58\"},\"headline\":\"La musica a casa Pizzardi\",\"datePublished\":\"2023-03-01T20:57:15+00:00\",\"dateModified\":\"2023-03-03T12:06:59+00:00\",\"mainEntityOfPage\":{\"@id\":\"https:\\\/\\\/www.iltemporale.it\\\/it\\\/la-musica-a-casa-pizzardi-in-una-bologna-che-non-ti-aspetti\\\/\"},\"wordCount\":1178,\"publisher\":{\"@id\":\"https:\\\/\\\/www.iltemporale.it\\\/it\\\/#organization\"},\"image\":{\"@id\":\"https:\\\/\\\/www.iltemporale.it\\\/it\\\/la-musica-a-casa-pizzardi-in-una-bologna-che-non-ti-aspetti\\\/#primaryimage\"},\"thumbnailUrl\":\"https:\\\/\\\/www.iltemporale.it\\\/it\\\/wp-content\\\/uploads\\\/2023\\\/03\\\/Riserva-Carlo-Alberto-Vermouth-e1677844860454.jpg\",\"keywords\":[\"festival musica da camera\"],\"articleSection\":[\"News\"],\"inLanguage\":\"it-IT\"},{\"@type\":\"WebPage\",\"@id\":\"https:\\\/\\\/www.iltemporale.it\\\/it\\\/la-musica-a-casa-pizzardi-in-una-bologna-che-non-ti-aspetti\\\/\",\"url\":\"https:\\\/\\\/www.iltemporale.it\\\/it\\\/la-musica-a-casa-pizzardi-in-una-bologna-che-non-ti-aspetti\\\/\",\"name\":\"La musica a casa Pizzardi -\",\"isPartOf\":{\"@id\":\"https:\\\/\\\/www.iltemporale.it\\\/it\\\/#website\"},\"primaryImageOfPage\":{\"@id\":\"https:\\\/\\\/www.iltemporale.it\\\/it\\\/la-musica-a-casa-pizzardi-in-una-bologna-che-non-ti-aspetti\\\/#primaryimage\"},\"image\":{\"@id\":\"https:\\\/\\\/www.iltemporale.it\\\/it\\\/la-musica-a-casa-pizzardi-in-una-bologna-che-non-ti-aspetti\\\/#primaryimage\"},\"thumbnailUrl\":\"https:\\\/\\\/www.iltemporale.it\\\/it\\\/wp-content\\\/uploads\\\/2023\\\/03\\\/Riserva-Carlo-Alberto-Vermouth-e1677844860454.jpg\",\"datePublished\":\"2023-03-01T20:57:15+00:00\",\"dateModified\":\"2023-03-03T12:06:59+00:00\",\"description\":\"Raccontare del rapporto tra i Pizzardi e la musica significa tornare ad una Bologna di 150 anni fa e riscoprirne un volto inatteso...\",\"breadcrumb\":{\"@id\":\"https:\\\/\\\/www.iltemporale.it\\\/it\\\/la-musica-a-casa-pizzardi-in-una-bologna-che-non-ti-aspetti\\\/#breadcrumb\"},\"inLanguage\":\"it-IT\",\"potentialAction\":[{\"@type\":\"ReadAction\",\"target\":[\"https:\\\/\\\/www.iltemporale.it\\\/it\\\/la-musica-a-casa-pizzardi-in-una-bologna-che-non-ti-aspetti\\\/\"]}]},{\"@type\":\"ImageObject\",\"inLanguage\":\"it-IT\",\"@id\":\"https:\\\/\\\/www.iltemporale.it\\\/it\\\/la-musica-a-casa-pizzardi-in-una-bologna-che-non-ti-aspetti\\\/#primaryimage\",\"url\":\"https:\\\/\\\/www.iltemporale.it\\\/it\\\/wp-content\\\/uploads\\\/2023\\\/03\\\/Riserva-Carlo-Alberto-Vermouth-e1677844860454.jpg\",\"contentUrl\":\"https:\\\/\\\/www.iltemporale.it\\\/it\\\/wp-content\\\/uploads\\\/2023\\\/03\\\/Riserva-Carlo-Alberto-Vermouth-e1677844860454.jpg\",\"width\":225,\"height\":300,\"caption\":\"Vermouth Riserva Carlo Alberto\"},{\"@type\":\"BreadcrumbList\",\"@id\":\"https:\\\/\\\/www.iltemporale.it\\\/it\\\/la-musica-a-casa-pizzardi-in-una-bologna-che-non-ti-aspetti\\\/#breadcrumb\",\"itemListElement\":[{\"@type\":\"ListItem\",\"position\":1,\"name\":\"Home\",\"item\":\"https:\\\/\\\/www.iltemporale.it\\\/it\\\/\"},{\"@type\":\"ListItem\",\"position\":2,\"name\":\"La musica a casa Pizzardi\"}]},{\"@type\":\"WebSite\",\"@id\":\"https:\\\/\\\/www.iltemporale.it\\\/it\\\/#website\",\"url\":\"https:\\\/\\\/www.iltemporale.it\\\/it\\\/\",\"name\":\"Il Temporale Associazione Culturale\",\"description\":\"\",\"publisher\":{\"@id\":\"https:\\\/\\\/www.iltemporale.it\\\/it\\\/#organization\"},\"potentialAction\":[{\"@type\":\"SearchAction\",\"target\":{\"@type\":\"EntryPoint\",\"urlTemplate\":\"https:\\\/\\\/www.iltemporale.it\\\/it\\\/?s={search_term_string}\"},\"query-input\":{\"@type\":\"PropertyValueSpecification\",\"valueRequired\":true,\"valueName\":\"search_term_string\"}}],\"inLanguage\":\"it-IT\"},{\"@type\":\"Organization\",\"@id\":\"https:\\\/\\\/www.iltemporale.it\\\/it\\\/#organization\",\"name\":\"ASSOCIAZIONE CULTURALE IL TEMPORALE APS\",\"url\":\"https:\\\/\\\/www.iltemporale.it\\\/it\\\/\",\"logo\":{\"@type\":\"ImageObject\",\"inLanguage\":\"it-IT\",\"@id\":\"https:\\\/\\\/www.iltemporale.it\\\/it\\\/#\\\/schema\\\/logo\\\/image\\\/\",\"url\":\"https:\\\/\\\/www.iltemporale.it\\\/it\\\/wp-content\\\/uploads\\\/2025\\\/11\\\/cropped-cropped-Logo-IL-TEMPORALE-1.jpg\",\"contentUrl\":\"https:\\\/\\\/www.iltemporale.it\\\/it\\\/wp-content\\\/uploads\\\/2025\\\/11\\\/cropped-cropped-Logo-IL-TEMPORALE-1.jpg\",\"width\":2174,\"height\":1093,\"caption\":\"ASSOCIAZIONE CULTURALE IL TEMPORALE APS\"},\"image\":{\"@id\":\"https:\\\/\\\/www.iltemporale.it\\\/it\\\/#\\\/schema\\\/logo\\\/image\\\/\"},\"sameAs\":[\"https:\\\/\\\/www.facebook.com\\\/pages\\\/category\\\/Nonprofit-Organization\\\/ASSOCIAZIONE-CULTURALE-IL-TEMPORALE-140967012635154\\\/\",\"https:\\\/\\\/www.instagram.com\\\/iltemporaleaps\\\/\",\"https:\\\/\\\/www.youtube.com\\\/@scuoladimusicailtemporale7327\"]},{\"@type\":\"Person\",\"@id\":\"https:\\\/\\\/www.iltemporale.it\\\/it\\\/#\\\/schema\\\/person\\\/702f71b0680103642b0b8ae72a7ede58\",\"name\":\"temporale\"}]}<\/script>\r\n<!-- \/ Yoast SEO plugin. -->","yoast_head_json":{"title":"La musica a casa Pizzardi -","description":"Raccontare del rapporto tra i Pizzardi e la musica significa tornare ad una Bologna di 150 anni fa e riscoprirne un volto inatteso...","robots":{"index":"index","follow":"follow","max-snippet":"max-snippet:-1","max-image-preview":"max-image-preview:large","max-video-preview":"max-video-preview:-1"},"canonical":"https:\/\/www.iltemporale.it\/it\/la-musica-a-casa-pizzardi-in-una-bologna-che-non-ti-aspetti\/","og_locale":"it_IT","og_type":"article","og_title":"La musica a casa Pizzardi -","og_description":"Raccontare del rapporto tra i Pizzardi e la musica significa tornare ad una Bologna di 150 anni fa e riscoprirne un volto inatteso...","og_url":"https:\/\/www.iltemporale.it\/it\/la-musica-a-casa-pizzardi-in-una-bologna-che-non-ti-aspetti\/","article_publisher":"https:\/\/www.facebook.com\/pages\/category\/Nonprofit-Organization\/ASSOCIAZIONE-CULTURALE-IL-TEMPORALE-140967012635154\/","article_published_time":"2023-03-01T20:57:15+00:00","article_modified_time":"2023-03-03T12:06:59+00:00","og_image":[{"url":"https:\/\/www.iltemporale.it\/it\/wp-content\/uploads\/2023\/03\/Riserva-Carlo-Alberto-Vermouth-e1677844860454.jpg","type":"","width":"","height":""}],"author":"temporale","twitter_card":"summary_large_image","twitter_misc":{"Scritto da":"temporale","Tempo di lettura stimato":"7 minuti"},"schema":{"@context":"https:\/\/schema.org","@graph":[{"@type":"Article","@id":"https:\/\/www.iltemporale.it\/it\/la-musica-a-casa-pizzardi-in-una-bologna-che-non-ti-aspetti\/#article","isPartOf":{"@id":"https:\/\/www.iltemporale.it\/it\/la-musica-a-casa-pizzardi-in-una-bologna-che-non-ti-aspetti\/"},"author":{"name":"temporale","@id":"https:\/\/www.iltemporale.it\/it\/#\/schema\/person\/702f71b0680103642b0b8ae72a7ede58"},"headline":"La musica a casa Pizzardi","datePublished":"2023-03-01T20:57:15+00:00","dateModified":"2023-03-03T12:06:59+00:00","mainEntityOfPage":{"@id":"https:\/\/www.iltemporale.it\/it\/la-musica-a-casa-pizzardi-in-una-bologna-che-non-ti-aspetti\/"},"wordCount":1178,"publisher":{"@id":"https:\/\/www.iltemporale.it\/it\/#organization"},"image":{"@id":"https:\/\/www.iltemporale.it\/it\/la-musica-a-casa-pizzardi-in-una-bologna-che-non-ti-aspetti\/#primaryimage"},"thumbnailUrl":"https:\/\/www.iltemporale.it\/it\/wp-content\/uploads\/2023\/03\/Riserva-Carlo-Alberto-Vermouth-e1677844860454.jpg","keywords":["festival musica da camera"],"articleSection":["News"],"inLanguage":"it-IT"},{"@type":"WebPage","@id":"https:\/\/www.iltemporale.it\/it\/la-musica-a-casa-pizzardi-in-una-bologna-che-non-ti-aspetti\/","url":"https:\/\/www.iltemporale.it\/it\/la-musica-a-casa-pizzardi-in-una-bologna-che-non-ti-aspetti\/","name":"La musica a casa Pizzardi -","isPartOf":{"@id":"https:\/\/www.iltemporale.it\/it\/#website"},"primaryImageOfPage":{"@id":"https:\/\/www.iltemporale.it\/it\/la-musica-a-casa-pizzardi-in-una-bologna-che-non-ti-aspetti\/#primaryimage"},"image":{"@id":"https:\/\/www.iltemporale.it\/it\/la-musica-a-casa-pizzardi-in-una-bologna-che-non-ti-aspetti\/#primaryimage"},"thumbnailUrl":"https:\/\/www.iltemporale.it\/it\/wp-content\/uploads\/2023\/03\/Riserva-Carlo-Alberto-Vermouth-e1677844860454.jpg","datePublished":"2023-03-01T20:57:15+00:00","dateModified":"2023-03-03T12:06:59+00:00","description":"Raccontare del rapporto tra i Pizzardi e la musica significa tornare ad una Bologna di 150 anni fa e riscoprirne un volto inatteso...","breadcrumb":{"@id":"https:\/\/www.iltemporale.it\/it\/la-musica-a-casa-pizzardi-in-una-bologna-che-non-ti-aspetti\/#breadcrumb"},"inLanguage":"it-IT","potentialAction":[{"@type":"ReadAction","target":["https:\/\/www.iltemporale.it\/it\/la-musica-a-casa-pizzardi-in-una-bologna-che-non-ti-aspetti\/"]}]},{"@type":"ImageObject","inLanguage":"it-IT","@id":"https:\/\/www.iltemporale.it\/it\/la-musica-a-casa-pizzardi-in-una-bologna-che-non-ti-aspetti\/#primaryimage","url":"https:\/\/www.iltemporale.it\/it\/wp-content\/uploads\/2023\/03\/Riserva-Carlo-Alberto-Vermouth-e1677844860454.jpg","contentUrl":"https:\/\/www.iltemporale.it\/it\/wp-content\/uploads\/2023\/03\/Riserva-Carlo-Alberto-Vermouth-e1677844860454.jpg","width":225,"height":300,"caption":"Vermouth Riserva Carlo Alberto"},{"@type":"BreadcrumbList","@id":"https:\/\/www.iltemporale.it\/it\/la-musica-a-casa-pizzardi-in-una-bologna-che-non-ti-aspetti\/#breadcrumb","itemListElement":[{"@type":"ListItem","position":1,"name":"Home","item":"https:\/\/www.iltemporale.it\/it\/"},{"@type":"ListItem","position":2,"name":"La musica a casa Pizzardi"}]},{"@type":"WebSite","@id":"https:\/\/www.iltemporale.it\/it\/#website","url":"https:\/\/www.iltemporale.it\/it\/","name":"Il Temporale Associazione Culturale","description":"","publisher":{"@id":"https:\/\/www.iltemporale.it\/it\/#organization"},"potentialAction":[{"@type":"SearchAction","target":{"@type":"EntryPoint","urlTemplate":"https:\/\/www.iltemporale.it\/it\/?s={search_term_string}"},"query-input":{"@type":"PropertyValueSpecification","valueRequired":true,"valueName":"search_term_string"}}],"inLanguage":"it-IT"},{"@type":"Organization","@id":"https:\/\/www.iltemporale.it\/it\/#organization","name":"ASSOCIAZIONE CULTURALE IL TEMPORALE APS","url":"https:\/\/www.iltemporale.it\/it\/","logo":{"@type":"ImageObject","inLanguage":"it-IT","@id":"https:\/\/www.iltemporale.it\/it\/#\/schema\/logo\/image\/","url":"https:\/\/www.iltemporale.it\/it\/wp-content\/uploads\/2025\/11\/cropped-cropped-Logo-IL-TEMPORALE-1.jpg","contentUrl":"https:\/\/www.iltemporale.it\/it\/wp-content\/uploads\/2025\/11\/cropped-cropped-Logo-IL-TEMPORALE-1.jpg","width":2174,"height":1093,"caption":"ASSOCIAZIONE CULTURALE IL TEMPORALE APS"},"image":{"@id":"https:\/\/www.iltemporale.it\/it\/#\/schema\/logo\/image\/"},"sameAs":["https:\/\/www.facebook.com\/pages\/category\/Nonprofit-Organization\/ASSOCIAZIONE-CULTURALE-IL-TEMPORALE-140967012635154\/","https:\/\/www.instagram.com\/iltemporaleaps\/","https:\/\/www.youtube.com\/@scuoladimusicailtemporale7327"]},{"@type":"Person","@id":"https:\/\/www.iltemporale.it\/it\/#\/schema\/person\/702f71b0680103642b0b8ae72a7ede58","name":"temporale"}]}},"_links":{"self":[{"href":"https:\/\/www.iltemporale.it\/it\/wp-json\/wp\/v2\/posts\/5459","targetHints":{"allow":["GET"]}}],"collection":[{"href":"https:\/\/www.iltemporale.it\/it\/wp-json\/wp\/v2\/posts"}],"about":[{"href":"https:\/\/www.iltemporale.it\/it\/wp-json\/wp\/v2\/types\/post"}],"author":[{"embeddable":true,"href":"https:\/\/www.iltemporale.it\/it\/wp-json\/wp\/v2\/users\/1"}],"replies":[{"embeddable":true,"href":"https:\/\/www.iltemporale.it\/it\/wp-json\/wp\/v2\/comments?post=5459"}],"version-history":[{"count":17,"href":"https:\/\/www.iltemporale.it\/it\/wp-json\/wp\/v2\/posts\/5459\/revisions"}],"predecessor-version":[{"id":5494,"href":"https:\/\/www.iltemporale.it\/it\/wp-json\/wp\/v2\/posts\/5459\/revisions\/5494"}],"wp:attachment":[{"href":"https:\/\/www.iltemporale.it\/it\/wp-json\/wp\/v2\/media?parent=5459"}],"wp:term":[{"taxonomy":"category","embeddable":true,"href":"https:\/\/www.iltemporale.it\/it\/wp-json\/wp\/v2\/categories?post=5459"},{"taxonomy":"post_tag","embeddable":true,"href":"https:\/\/www.iltemporale.it\/it\/wp-json\/wp\/v2\/tags?post=5459"}],"curies":[{"name":"wp","href":"https:\/\/api.w.org\/{rel}","templated":true}]}}