{"id":2837,"date":"2019-10-30T11:04:12","date_gmt":"2019-10-30T10:04:12","guid":{"rendered":"http:\/\/www.iltemporale.it\/it\/?p=2837"},"modified":"2019-10-30T11:23:47","modified_gmt":"2019-10-30T10:23:47","slug":"domenica-10-novembre-ore-17-00-gianluca-littera-and-double-breath-jazz-quartet-in-double-breath","status":"publish","type":"post","link":"https:\/\/www.iltemporale.it\/it\/domenica-10-novembre-ore-17-00-gianluca-littera-and-double-breath-jazz-quartet-in-double-breath\/","title":{"rendered":"Domenica 10 Novembre ore 17.00 \u2013 Gianluca Littera and Double Breath Jazz Quartet in \u201cDouble Breath\u201d"},"content":{"rendered":"\n<p>Domenica <strong>10 Novembre Ore <\/strong><strong>17.00<\/strong> Castello di Bentivoglio.<\/p>\n<p>Respirare \u00e9 l\u2019azione che ci consente di vivere e permette la nostra esistenza sotto tutti i suoi aspetti. Il respiro \u00e8 un flusso continuo di comunicazione con ci\u00f2 che ci circonda, un vincolo vitale che rappresenta pi\u00f9 di ogni altra azione la nostra essenza. La musica al pari dell\u2019aria che respiriamo \u00e9 impalpabile, ci raggiunge attraverso quella stessa aria che comincia a vibrare al suono di uno strumento o di un canto&#8230;L\u2019Harmonica \u00e8 l\u2019unico strumento musicale che emette suoni in entrambi i sensi della respirazione &#8211; si respira facendo musica e attraverso la musica si respira. \u201cDouble Breath\u201d sintetizza questa doppio movimento erappresenta la magia dell\u2019incontro tra i suoni, l\u2019affiatamento e l\u2019empatia dei suoi musicisti&#8230;Musiche di: Littera, Evans, Metheny, Faur\u00e8, Satie, Coltrane, Hovhaness.<\/p>\n<p><strong>Biglietto<\/strong>: Euro 15,00 Adulti &#8211; Gratuito per i minori di 18 anni<\/p>\n<p>LA BIGLIETTERIA APRIR\u00c0 MEZZ\u2019ORAPRIMA DELL\u2019INIZIO DELLO SPETTACOLO &#8211; NON \u00c8 NECESSARIA PRENOTAZIONE<\/p>\n<p><img loading=\"lazy\" decoding=\"async\" class=\"aligncenter size-large wp-image-2729\" src=\"http:\/\/www.iltemporale.it\/it\/wp-content\/uploads\/2019\/09\/Littera-1024x512.jpeg\" alt=\"\" width=\"1024\" height=\"512\" srcset=\"https:\/\/www.iltemporale.it\/it\/wp-content\/uploads\/2019\/09\/Littera-1024x512.jpeg 1024w, https:\/\/www.iltemporale.it\/it\/wp-content\/uploads\/2019\/09\/Littera-300x150.jpeg 300w, https:\/\/www.iltemporale.it\/it\/wp-content\/uploads\/2019\/09\/Littera-768x384.jpeg 768w, https:\/\/www.iltemporale.it\/it\/wp-content\/uploads\/2019\/09\/Littera-500x250.jpeg 500w, https:\/\/www.iltemporale.it\/it\/wp-content\/uploads\/2019\/09\/Littera-400x200.jpeg 400w\" sizes=\"auto, (max-width: 1024px) 100vw, 1024px\" \/><\/p>\n","protected":false},"excerpt":{"rendered":"<p>Domenica 10 Novembre Ore 17.00 Castello di Bentivoglio. Respirare \u00e9 l\u2019azione che ci consente di vivere e permette la nostra esistenza sotto tutti i suoi aspetti. Il respiro \u00e8 un [&hellip;]<\/p>\n","protected":false},"author":1,"featured_media":0,"comment_status":"closed","ping_status":"closed","sticky":false,"template":"","format":"standard","meta":{"site-sidebar-layout":"default","site-content-layout":"","ast-site-content-layout":"default","site-content-style":"default","site-sidebar-style":"default","ast-global-header-display":"","ast-banner-title-visibility":"","ast-main-header-display":"","ast-hfb-above-header-display":"","ast-hfb-below-header-display":"","ast-hfb-mobile-header-display":"","site-post-title":"","ast-breadcrumbs-content":"","ast-featured-img":"","footer-sml-layout":"","ast-disable-related-posts":"","theme-transparent-header-meta":"","adv-header-id-meta":"","stick-header-meta":"","header-above-stick-meta":"","header-main-stick-meta":"","header-below-stick-meta":"","astra-migrate-meta-layouts":"default","ast-page-background-enabled":"default","ast-page-background-meta":{"desktop":{"background-color":"var(--ast-global-color-5)","background-image":"","background-repeat":"repeat","background-position":"center center","background-size":"auto","background-attachment":"scroll","background-type":"","background-media":"","overlay-type":"","overlay-color":"","overlay-opacity":"","overlay-gradient":""},"tablet":{"background-color":"","background-image":"","background-repeat":"repeat","background-position":"center center","background-size":"auto","background-attachment":"scroll","background-type":"","background-media":"","overlay-type":"","overlay-color":"","overlay-opacity":"","overlay-gradient":""},"mobile":{"background-color":"","background-image":"","background-repeat":"repeat","background-position":"center center","background-size":"auto","background-attachment":"scroll","background-type":"","background-media":"","overlay-type":"","overlay-color":"","overlay-opacity":"","overlay-gradient":""}},"ast-content-background-meta":{"desktop":{"background-color":"var(--ast-global-color-4)","background-image":"","background-repeat":"repeat","background-position":"center center","background-size":"auto","background-attachment":"scroll","background-type":"","background-media":"","overlay-type":"","overlay-color":"","overlay-opacity":"","overlay-gradient":""},"tablet":{"background-color":"var(--ast-global-color-4)","background-image":"","background-repeat":"repeat","background-position":"center center","background-size":"auto","background-attachment":"scroll","background-type":"","background-media":"","overlay-type":"","overlay-color":"","overlay-opacity":"","overlay-gradient":""},"mobile":{"background-color":"var(--ast-global-color-4)","background-image":"","background-repeat":"repeat","background-position":"center center","background-size":"auto","background-attachment":"scroll","background-type":"","background-media":"","overlay-type":"","overlay-color":"","overlay-opacity":"","overlay-gradient":""}},"footnotes":""},"categories":[1],"tags":[],"class_list":["post-2837","post","type-post","status-publish","format-standard","hentry","category-news"],"yoast_head":"<!-- This site is optimized with the Yoast SEO plugin v27.5 - https:\/\/yoast.com\/product\/yoast-seo-wordpress\/ -->\r\n<title>Domenica 10 Novembre ore 17.00 \u2013 Gianluca Littera and Double Breath Jazz Quartet in \u201cDouble Breath\u201d -<\/title>\r\n<meta name=\"robots\" content=\"index, follow, max-snippet:-1, max-image-preview:large, max-video-preview:-1\" \/>\r\n<link rel=\"canonical\" href=\"https:\/\/www.iltemporale.it\/it\/domenica-10-novembre-ore-17-00-gianluca-littera-and-double-breath-jazz-quartet-in-double-breath\/\" \/>\r\n<meta property=\"og:locale\" content=\"it_IT\" \/>\r\n<meta property=\"og:type\" content=\"article\" \/>\r\n<meta property=\"og:title\" content=\"Domenica 10 Novembre ore 17.00 \u2013 Gianluca Littera and Double Breath Jazz Quartet in \u201cDouble Breath\u201d -\" \/>\r\n<meta property=\"og:description\" content=\"Domenica 10 Novembre Ore 17.00 Castello di Bentivoglio. Respirare \u00e9 l\u2019azione che ci consente di vivere e permette la nostra esistenza sotto tutti i suoi aspetti. Il respiro \u00e8 un [&hellip;]\" \/>\r\n<meta property=\"og:url\" content=\"https:\/\/www.iltemporale.it\/it\/domenica-10-novembre-ore-17-00-gianluca-littera-and-double-breath-jazz-quartet-in-double-breath\/\" \/>\r\n<meta property=\"article:publisher\" content=\"https:\/\/www.facebook.com\/pages\/category\/Nonprofit-Organization\/ASSOCIAZIONE-CULTURALE-IL-TEMPORALE-140967012635154\/\" \/>\r\n<meta property=\"article:published_time\" content=\"2019-10-30T10:04:12+00:00\" \/>\r\n<meta property=\"article:modified_time\" content=\"2019-10-30T10:23:47+00:00\" \/>\r\n<meta property=\"og:image\" content=\"http:\/\/www.iltemporale.it\/it\/wp-content\/uploads\/2019\/09\/Littera-1024x512.jpeg\" \/>\r\n<meta name=\"author\" content=\"temporale\" \/>\r\n<meta name=\"twitter:card\" content=\"summary_large_image\" \/>\r\n<meta name=\"twitter:label1\" content=\"Scritto da\" \/>\n\t<meta name=\"twitter:data1\" content=\"temporale\" \/>\n\t<meta name=\"twitter:label2\" content=\"Tempo di lettura stimato\" \/>\n\t<meta name=\"twitter:data2\" content=\"1 minuto\" \/>\r\n<script type=\"application\/ld+json\" class=\"yoast-schema-graph\">{\"@context\":\"https:\\\/\\\/schema.org\",\"@graph\":[{\"@type\":\"Article\",\"@id\":\"https:\\\/\\\/www.iltemporale.it\\\/it\\\/domenica-10-novembre-ore-17-00-gianluca-littera-and-double-breath-jazz-quartet-in-double-breath\\\/#article\",\"isPartOf\":{\"@id\":\"https:\\\/\\\/www.iltemporale.it\\\/it\\\/domenica-10-novembre-ore-17-00-gianluca-littera-and-double-breath-jazz-quartet-in-double-breath\\\/\"},\"author\":{\"name\":\"temporale\",\"@id\":\"https:\\\/\\\/www.iltemporale.it\\\/it\\\/#\\\/schema\\\/person\\\/702f71b0680103642b0b8ae72a7ede58\"},\"headline\":\"Domenica 10 Novembre ore 17.00 \u2013 Gianluca Littera and Double Breath Jazz Quartet in \u201cDouble Breath\u201d\",\"datePublished\":\"2019-10-30T10:04:12+00:00\",\"dateModified\":\"2019-10-30T10:23:47+00:00\",\"mainEntityOfPage\":{\"@id\":\"https:\\\/\\\/www.iltemporale.it\\\/it\\\/domenica-10-novembre-ore-17-00-gianluca-littera-and-double-breath-jazz-quartet-in-double-breath\\\/\"},\"wordCount\":170,\"publisher\":{\"@id\":\"https:\\\/\\\/www.iltemporale.it\\\/it\\\/#organization\"},\"image\":{\"@id\":\"https:\\\/\\\/www.iltemporale.it\\\/it\\\/domenica-10-novembre-ore-17-00-gianluca-littera-and-double-breath-jazz-quartet-in-double-breath\\\/#primaryimage\"},\"thumbnailUrl\":\"http:\\\/\\\/www.iltemporale.it\\\/it\\\/wp-content\\\/uploads\\\/2019\\\/09\\\/Littera-1024x512.jpeg\",\"articleSection\":[\"News\"],\"inLanguage\":\"it-IT\"},{\"@type\":\"WebPage\",\"@id\":\"https:\\\/\\\/www.iltemporale.it\\\/it\\\/domenica-10-novembre-ore-17-00-gianluca-littera-and-double-breath-jazz-quartet-in-double-breath\\\/\",\"url\":\"https:\\\/\\\/www.iltemporale.it\\\/it\\\/domenica-10-novembre-ore-17-00-gianluca-littera-and-double-breath-jazz-quartet-in-double-breath\\\/\",\"name\":\"Domenica 10 Novembre ore 17.00 \u2013 Gianluca Littera and Double Breath Jazz Quartet in \u201cDouble Breath\u201d -\",\"isPartOf\":{\"@id\":\"https:\\\/\\\/www.iltemporale.it\\\/it\\\/#website\"},\"primaryImageOfPage\":{\"@id\":\"https:\\\/\\\/www.iltemporale.it\\\/it\\\/domenica-10-novembre-ore-17-00-gianluca-littera-and-double-breath-jazz-quartet-in-double-breath\\\/#primaryimage\"},\"image\":{\"@id\":\"https:\\\/\\\/www.iltemporale.it\\\/it\\\/domenica-10-novembre-ore-17-00-gianluca-littera-and-double-breath-jazz-quartet-in-double-breath\\\/#primaryimage\"},\"thumbnailUrl\":\"http:\\\/\\\/www.iltemporale.it\\\/it\\\/wp-content\\\/uploads\\\/2019\\\/09\\\/Littera-1024x512.jpeg\",\"datePublished\":\"2019-10-30T10:04:12+00:00\",\"dateModified\":\"2019-10-30T10:23:47+00:00\",\"breadcrumb\":{\"@id\":\"https:\\\/\\\/www.iltemporale.it\\\/it\\\/domenica-10-novembre-ore-17-00-gianluca-littera-and-double-breath-jazz-quartet-in-double-breath\\\/#breadcrumb\"},\"inLanguage\":\"it-IT\",\"potentialAction\":[{\"@type\":\"ReadAction\",\"target\":[\"https:\\\/\\\/www.iltemporale.it\\\/it\\\/domenica-10-novembre-ore-17-00-gianluca-littera-and-double-breath-jazz-quartet-in-double-breath\\\/\"]}]},{\"@type\":\"ImageObject\",\"inLanguage\":\"it-IT\",\"@id\":\"https:\\\/\\\/www.iltemporale.it\\\/it\\\/domenica-10-novembre-ore-17-00-gianluca-littera-and-double-breath-jazz-quartet-in-double-breath\\\/#primaryimage\",\"url\":\"https:\\\/\\\/www.iltemporale.it\\\/it\\\/wp-content\\\/uploads\\\/2019\\\/09\\\/Littera.jpeg\",\"contentUrl\":\"https:\\\/\\\/www.iltemporale.it\\\/it\\\/wp-content\\\/uploads\\\/2019\\\/09\\\/Littera.jpeg\",\"width\":2363,\"height\":1182},{\"@type\":\"BreadcrumbList\",\"@id\":\"https:\\\/\\\/www.iltemporale.it\\\/it\\\/domenica-10-novembre-ore-17-00-gianluca-littera-and-double-breath-jazz-quartet-in-double-breath\\\/#breadcrumb\",\"itemListElement\":[{\"@type\":\"ListItem\",\"position\":1,\"name\":\"Home\",\"item\":\"https:\\\/\\\/www.iltemporale.it\\\/it\\\/\"},{\"@type\":\"ListItem\",\"position\":2,\"name\":\"Domenica 10 Novembre ore 17.00 \u2013 Gianluca Littera and Double Breath Jazz Quartet in \u201cDouble Breath\u201d\"}]},{\"@type\":\"WebSite\",\"@id\":\"https:\\\/\\\/www.iltemporale.it\\\/it\\\/#website\",\"url\":\"https:\\\/\\\/www.iltemporale.it\\\/it\\\/\",\"name\":\"Il Temporale Associazione Culturale\",\"description\":\"\",\"publisher\":{\"@id\":\"https:\\\/\\\/www.iltemporale.it\\\/it\\\/#organization\"},\"potentialAction\":[{\"@type\":\"SearchAction\",\"target\":{\"@type\":\"EntryPoint\",\"urlTemplate\":\"https:\\\/\\\/www.iltemporale.it\\\/it\\\/?s={search_term_string}\"},\"query-input\":{\"@type\":\"PropertyValueSpecification\",\"valueRequired\":true,\"valueName\":\"search_term_string\"}}],\"inLanguage\":\"it-IT\"},{\"@type\":\"Organization\",\"@id\":\"https:\\\/\\\/www.iltemporale.it\\\/it\\\/#organization\",\"name\":\"ASSOCIAZIONE CULTURALE IL TEMPORALE APS\",\"url\":\"https:\\\/\\\/www.iltemporale.it\\\/it\\\/\",\"logo\":{\"@type\":\"ImageObject\",\"inLanguage\":\"it-IT\",\"@id\":\"https:\\\/\\\/www.iltemporale.it\\\/it\\\/#\\\/schema\\\/logo\\\/image\\\/\",\"url\":\"https:\\\/\\\/www.iltemporale.it\\\/it\\\/wp-content\\\/uploads\\\/2025\\\/11\\\/cropped-cropped-Logo-IL-TEMPORALE-1.jpg\",\"contentUrl\":\"https:\\\/\\\/www.iltemporale.it\\\/it\\\/wp-content\\\/uploads\\\/2025\\\/11\\\/cropped-cropped-Logo-IL-TEMPORALE-1.jpg\",\"width\":2174,\"height\":1093,\"caption\":\"ASSOCIAZIONE CULTURALE IL TEMPORALE APS\"},\"image\":{\"@id\":\"https:\\\/\\\/www.iltemporale.it\\\/it\\\/#\\\/schema\\\/logo\\\/image\\\/\"},\"sameAs\":[\"https:\\\/\\\/www.facebook.com\\\/pages\\\/category\\\/Nonprofit-Organization\\\/ASSOCIAZIONE-CULTURALE-IL-TEMPORALE-140967012635154\\\/\",\"https:\\\/\\\/www.instagram.com\\\/iltemporaleaps\\\/\",\"https:\\\/\\\/www.youtube.com\\\/@scuoladimusicailtemporale7327\"]},{\"@type\":\"Person\",\"@id\":\"https:\\\/\\\/www.iltemporale.it\\\/it\\\/#\\\/schema\\\/person\\\/702f71b0680103642b0b8ae72a7ede58\",\"name\":\"temporale\"}]}<\/script>\r\n<!-- \/ Yoast SEO plugin. -->","yoast_head_json":{"title":"Domenica 10 Novembre ore 17.00 \u2013 Gianluca Littera and Double Breath Jazz Quartet in \u201cDouble Breath\u201d -","robots":{"index":"index","follow":"follow","max-snippet":"max-snippet:-1","max-image-preview":"max-image-preview:large","max-video-preview":"max-video-preview:-1"},"canonical":"https:\/\/www.iltemporale.it\/it\/domenica-10-novembre-ore-17-00-gianluca-littera-and-double-breath-jazz-quartet-in-double-breath\/","og_locale":"it_IT","og_type":"article","og_title":"Domenica 10 Novembre ore 17.00 \u2013 Gianluca Littera and Double Breath Jazz Quartet in \u201cDouble Breath\u201d -","og_description":"Domenica 10 Novembre Ore 17.00 Castello di Bentivoglio. Respirare \u00e9 l\u2019azione che ci consente di vivere e permette la nostra esistenza sotto tutti i suoi aspetti. Il respiro \u00e8 un [&hellip;]","og_url":"https:\/\/www.iltemporale.it\/it\/domenica-10-novembre-ore-17-00-gianluca-littera-and-double-breath-jazz-quartet-in-double-breath\/","article_publisher":"https:\/\/www.facebook.com\/pages\/category\/Nonprofit-Organization\/ASSOCIAZIONE-CULTURALE-IL-TEMPORALE-140967012635154\/","article_published_time":"2019-10-30T10:04:12+00:00","article_modified_time":"2019-10-30T10:23:47+00:00","og_image":[{"url":"http:\/\/www.iltemporale.it\/it\/wp-content\/uploads\/2019\/09\/Littera-1024x512.jpeg","type":"","width":"","height":""}],"author":"temporale","twitter_card":"summary_large_image","twitter_misc":{"Scritto da":"temporale","Tempo di lettura stimato":"1 minuto"},"schema":{"@context":"https:\/\/schema.org","@graph":[{"@type":"Article","@id":"https:\/\/www.iltemporale.it\/it\/domenica-10-novembre-ore-17-00-gianluca-littera-and-double-breath-jazz-quartet-in-double-breath\/#article","isPartOf":{"@id":"https:\/\/www.iltemporale.it\/it\/domenica-10-novembre-ore-17-00-gianluca-littera-and-double-breath-jazz-quartet-in-double-breath\/"},"author":{"name":"temporale","@id":"https:\/\/www.iltemporale.it\/it\/#\/schema\/person\/702f71b0680103642b0b8ae72a7ede58"},"headline":"Domenica 10 Novembre ore 17.00 \u2013 Gianluca Littera and Double Breath Jazz Quartet in \u201cDouble Breath\u201d","datePublished":"2019-10-30T10:04:12+00:00","dateModified":"2019-10-30T10:23:47+00:00","mainEntityOfPage":{"@id":"https:\/\/www.iltemporale.it\/it\/domenica-10-novembre-ore-17-00-gianluca-littera-and-double-breath-jazz-quartet-in-double-breath\/"},"wordCount":170,"publisher":{"@id":"https:\/\/www.iltemporale.it\/it\/#organization"},"image":{"@id":"https:\/\/www.iltemporale.it\/it\/domenica-10-novembre-ore-17-00-gianluca-littera-and-double-breath-jazz-quartet-in-double-breath\/#primaryimage"},"thumbnailUrl":"http:\/\/www.iltemporale.it\/it\/wp-content\/uploads\/2019\/09\/Littera-1024x512.jpeg","articleSection":["News"],"inLanguage":"it-IT"},{"@type":"WebPage","@id":"https:\/\/www.iltemporale.it\/it\/domenica-10-novembre-ore-17-00-gianluca-littera-and-double-breath-jazz-quartet-in-double-breath\/","url":"https:\/\/www.iltemporale.it\/it\/domenica-10-novembre-ore-17-00-gianluca-littera-and-double-breath-jazz-quartet-in-double-breath\/","name":"Domenica 10 Novembre ore 17.00 \u2013 Gianluca Littera and Double Breath Jazz Quartet in \u201cDouble Breath\u201d -","isPartOf":{"@id":"https:\/\/www.iltemporale.it\/it\/#website"},"primaryImageOfPage":{"@id":"https:\/\/www.iltemporale.it\/it\/domenica-10-novembre-ore-17-00-gianluca-littera-and-double-breath-jazz-quartet-in-double-breath\/#primaryimage"},"image":{"@id":"https:\/\/www.iltemporale.it\/it\/domenica-10-novembre-ore-17-00-gianluca-littera-and-double-breath-jazz-quartet-in-double-breath\/#primaryimage"},"thumbnailUrl":"http:\/\/www.iltemporale.it\/it\/wp-content\/uploads\/2019\/09\/Littera-1024x512.jpeg","datePublished":"2019-10-30T10:04:12+00:00","dateModified":"2019-10-30T10:23:47+00:00","breadcrumb":{"@id":"https:\/\/www.iltemporale.it\/it\/domenica-10-novembre-ore-17-00-gianluca-littera-and-double-breath-jazz-quartet-in-double-breath\/#breadcrumb"},"inLanguage":"it-IT","potentialAction":[{"@type":"ReadAction","target":["https:\/\/www.iltemporale.it\/it\/domenica-10-novembre-ore-17-00-gianluca-littera-and-double-breath-jazz-quartet-in-double-breath\/"]}]},{"@type":"ImageObject","inLanguage":"it-IT","@id":"https:\/\/www.iltemporale.it\/it\/domenica-10-novembre-ore-17-00-gianluca-littera-and-double-breath-jazz-quartet-in-double-breath\/#primaryimage","url":"https:\/\/www.iltemporale.it\/it\/wp-content\/uploads\/2019\/09\/Littera.jpeg","contentUrl":"https:\/\/www.iltemporale.it\/it\/wp-content\/uploads\/2019\/09\/Littera.jpeg","width":2363,"height":1182},{"@type":"BreadcrumbList","@id":"https:\/\/www.iltemporale.it\/it\/domenica-10-novembre-ore-17-00-gianluca-littera-and-double-breath-jazz-quartet-in-double-breath\/#breadcrumb","itemListElement":[{"@type":"ListItem","position":1,"name":"Home","item":"https:\/\/www.iltemporale.it\/it\/"},{"@type":"ListItem","position":2,"name":"Domenica 10 Novembre ore 17.00 \u2013 Gianluca Littera and Double Breath Jazz Quartet in \u201cDouble Breath\u201d"}]},{"@type":"WebSite","@id":"https:\/\/www.iltemporale.it\/it\/#website","url":"https:\/\/www.iltemporale.it\/it\/","name":"Il Temporale Associazione Culturale","description":"","publisher":{"@id":"https:\/\/www.iltemporale.it\/it\/#organization"},"potentialAction":[{"@type":"SearchAction","target":{"@type":"EntryPoint","urlTemplate":"https:\/\/www.iltemporale.it\/it\/?s={search_term_string}"},"query-input":{"@type":"PropertyValueSpecification","valueRequired":true,"valueName":"search_term_string"}}],"inLanguage":"it-IT"},{"@type":"Organization","@id":"https:\/\/www.iltemporale.it\/it\/#organization","name":"ASSOCIAZIONE CULTURALE IL TEMPORALE APS","url":"https:\/\/www.iltemporale.it\/it\/","logo":{"@type":"ImageObject","inLanguage":"it-IT","@id":"https:\/\/www.iltemporale.it\/it\/#\/schema\/logo\/image\/","url":"https:\/\/www.iltemporale.it\/it\/wp-content\/uploads\/2025\/11\/cropped-cropped-Logo-IL-TEMPORALE-1.jpg","contentUrl":"https:\/\/www.iltemporale.it\/it\/wp-content\/uploads\/2025\/11\/cropped-cropped-Logo-IL-TEMPORALE-1.jpg","width":2174,"height":1093,"caption":"ASSOCIAZIONE CULTURALE IL TEMPORALE APS"},"image":{"@id":"https:\/\/www.iltemporale.it\/it\/#\/schema\/logo\/image\/"},"sameAs":["https:\/\/www.facebook.com\/pages\/category\/Nonprofit-Organization\/ASSOCIAZIONE-CULTURALE-IL-TEMPORALE-140967012635154\/","https:\/\/www.instagram.com\/iltemporaleaps\/","https:\/\/www.youtube.com\/@scuoladimusicailtemporale7327"]},{"@type":"Person","@id":"https:\/\/www.iltemporale.it\/it\/#\/schema\/person\/702f71b0680103642b0b8ae72a7ede58","name":"temporale"}]}},"_links":{"self":[{"href":"https:\/\/www.iltemporale.it\/it\/wp-json\/wp\/v2\/posts\/2837","targetHints":{"allow":["GET"]}}],"collection":[{"href":"https:\/\/www.iltemporale.it\/it\/wp-json\/wp\/v2\/posts"}],"about":[{"href":"https:\/\/www.iltemporale.it\/it\/wp-json\/wp\/v2\/types\/post"}],"author":[{"embeddable":true,"href":"https:\/\/www.iltemporale.it\/it\/wp-json\/wp\/v2\/users\/1"}],"replies":[{"embeddable":true,"href":"https:\/\/www.iltemporale.it\/it\/wp-json\/wp\/v2\/comments?post=2837"}],"version-history":[{"count":2,"href":"https:\/\/www.iltemporale.it\/it\/wp-json\/wp\/v2\/posts\/2837\/revisions"}],"predecessor-version":[{"id":2841,"href":"https:\/\/www.iltemporale.it\/it\/wp-json\/wp\/v2\/posts\/2837\/revisions\/2841"}],"wp:attachment":[{"href":"https:\/\/www.iltemporale.it\/it\/wp-json\/wp\/v2\/media?parent=2837"}],"wp:term":[{"taxonomy":"category","embeddable":true,"href":"https:\/\/www.iltemporale.it\/it\/wp-json\/wp\/v2\/categories?post=2837"},{"taxonomy":"post_tag","embeddable":true,"href":"https:\/\/www.iltemporale.it\/it\/wp-json\/wp\/v2\/tags?post=2837"}],"curies":[{"name":"wp","href":"https:\/\/api.w.org\/{rel}","templated":true}]}}