{"id":2378,"date":"2019-06-28T14:02:53","date_gmt":"2019-06-28T13:02:53","guid":{"rendered":"http:\/\/www.iltemporale.it\/it\/?p=2378"},"modified":"2019-06-28T14:02:55","modified_gmt":"2019-06-28T13:02:55","slug":"venerdi-12-luglio-ore-21-00-m-vittoria-cassanelli-e-paola-saderi-il-nocciolo-delle-ciliegie-spettacolo-di-teatro-danza","status":"publish","type":"post","link":"https:\/\/www.iltemporale.it\/it\/venerdi-12-luglio-ore-21-00-m-vittoria-cassanelli-e-paola-saderi-il-nocciolo-delle-ciliegie-spettacolo-di-teatro-danza\/","title":{"rendered":"Venerdi 12 Luglio ore 21.00 &#8211; M.Vittoria Cassanelli e Paola Saderi &#8211; &#8220;Il nocciolo delle ciliegie&#8221; &#8211; Spettacolo di Teatro Danza"},"content":{"rendered":"\n<p>Ore 20.30 : Visita Guidata .\u00a0 All\u2019interno\u00a0della Cappella che si affaccia sul cortile il Prof. Roberto Colombari presenter\u00e0 la storia, i personaggi, i miti della \u201c<em>Domus Jocunditatis<\/em>\u201d.<\/p>\n<p>Ore 21.00: Concerto<\/p>\n<p><strong>INGRESSO:\u00a0<\/strong>5 EURO ADULTI<br \/>GRATUITO\u00a0 PER MINORI\u00a0 DI 18 ANNI<\/p>\n<p>Non \u00e8 prevista prevendita. I biglietti si acquistano in loco. La biglietteria aprir\u00e0 alle ore 20.00<\/p>\n<p><br \/>Il viaggio prosegue con uno spettacolo di teatro danza. La performance unisce vari linguaggi dell\u2019arte. Hanno un ruolo centrale la musica, la danza e il teatro. Le arti si fondono. I movimenti corporei sono connessi con il racconto e il suono.<br \/>Le note del pianoforte classico accompagnano danze espressive intervallate da pitture,le parole di un racconto completano ci\u00f2 che il corpo introduce attraverso gestualit\u00e0 autentiche. Lo spettacolo rappresenta un vero e proprio ingresso in una condizione di vita in cui tutti prima o poi ci ritroviamo. Ispirandosi alla canzone \u201c<em>La collina dei ciliegi<\/em>\u201d di Lucio Battisti, le attrici vogliono ricreare la condizione di abbandono, sconforto,<br \/>perdita della retta via che infine si conclude con un respiro liberatorio in cui quasi sempre, dietro la collina dei nostri disagi interiori, vi \u00e8 il sole. Il \u201c<em>quasi<\/em>\u201d di cui parla Battisti vuole essere trasformato nella certezza di una via di uscita.<br \/>Non c\u2019\u00e8 nulla che non possa essere fatto per ricostruire s\u00e9 e la propria individualit\u00e0, per rinascere. Una ricerca in cui il passato diventa solo una storia che raccontiamo a noi stessi, il futuro \u00e8 burrascoso e incerto e il presente rimane il nostro unico grande alleato e migliore amico nella lotta per il benessere e la quiete. Siamo tutti sulla stessa barca, viviamo tutti le stesse sensazioni e nessuno di noi \u00e8 mai veramente solo. L\u2019intento di<br \/>questo spettacolo \u00e8 quello di offrire una vista chiara e luminosa, quella che ci chiama tutti \u201c<em>figli dell\u2019immensit\u00e0<\/em>\u201d.<\/p>\n<p><img loading=\"lazy\" decoding=\"async\" class=\"alignnone size-medium wp-image-2380\" src=\"http:\/\/www.iltemporale.it\/it\/wp-content\/uploads\/2019\/06\/danza-300x294.jpeg\" alt=\"\" width=\"300\" height=\"294\" srcset=\"https:\/\/www.iltemporale.it\/it\/wp-content\/uploads\/2019\/06\/danza-300x294.jpeg 300w, https:\/\/www.iltemporale.it\/it\/wp-content\/uploads\/2019\/06\/danza-768x751.jpeg 768w, https:\/\/www.iltemporale.it\/it\/wp-content\/uploads\/2019\/06\/danza-1024x1002.jpeg 1024w, https:\/\/www.iltemporale.it\/it\/wp-content\/uploads\/2019\/06\/danza-307x300.jpeg 307w, https:\/\/www.iltemporale.it\/it\/wp-content\/uploads\/2019\/06\/danza.jpeg 1154w\" sizes=\"auto, (max-width: 300px) 100vw, 300px\" \/><\/p>\n<p>\u00a0<\/p>\n","protected":false},"excerpt":{"rendered":"<p>Ore 20.30 : Visita Guidata .\u00a0 All\u2019interno\u00a0della Cappella che si affaccia sul cortile il Prof. Roberto Colombari presenter\u00e0 la storia, i personaggi, i miti della \u201cDomus Jocunditatis\u201d. Ore 21.00: Concerto [&hellip;]<\/p>\n","protected":false},"author":1,"featured_media":0,"comment_status":"closed","ping_status":"closed","sticky":false,"template":"","format":"standard","meta":{"site-sidebar-layout":"default","site-content-layout":"","ast-site-content-layout":"default","site-content-style":"default","site-sidebar-style":"default","ast-global-header-display":"","ast-banner-title-visibility":"","ast-main-header-display":"","ast-hfb-above-header-display":"","ast-hfb-below-header-display":"","ast-hfb-mobile-header-display":"","site-post-title":"","ast-breadcrumbs-content":"","ast-featured-img":"","footer-sml-layout":"","ast-disable-related-posts":"","theme-transparent-header-meta":"","adv-header-id-meta":"","stick-header-meta":"","header-above-stick-meta":"","header-main-stick-meta":"","header-below-stick-meta":"","astra-migrate-meta-layouts":"default","ast-page-background-enabled":"default","ast-page-background-meta":{"desktop":{"background-color":"var(--ast-global-color-5)","background-image":"","background-repeat":"repeat","background-position":"center center","background-size":"auto","background-attachment":"scroll","background-type":"","background-media":"","overlay-type":"","overlay-color":"","overlay-opacity":"","overlay-gradient":""},"tablet":{"background-color":"","background-image":"","background-repeat":"repeat","background-position":"center center","background-size":"auto","background-attachment":"scroll","background-type":"","background-media":"","overlay-type":"","overlay-color":"","overlay-opacity":"","overlay-gradient":""},"mobile":{"background-color":"","background-image":"","background-repeat":"repeat","background-position":"center center","background-size":"auto","background-attachment":"scroll","background-type":"","background-media":"","overlay-type":"","overlay-color":"","overlay-opacity":"","overlay-gradient":""}},"ast-content-background-meta":{"desktop":{"background-color":"var(--ast-global-color-4)","background-image":"","background-repeat":"repeat","background-position":"center center","background-size":"auto","background-attachment":"scroll","background-type":"","background-media":"","overlay-type":"","overlay-color":"","overlay-opacity":"","overlay-gradient":""},"tablet":{"background-color":"var(--ast-global-color-4)","background-image":"","background-repeat":"repeat","background-position":"center center","background-size":"auto","background-attachment":"scroll","background-type":"","background-media":"","overlay-type":"","overlay-color":"","overlay-opacity":"","overlay-gradient":""},"mobile":{"background-color":"var(--ast-global-color-4)","background-image":"","background-repeat":"repeat","background-position":"center center","background-size":"auto","background-attachment":"scroll","background-type":"","background-media":"","overlay-type":"","overlay-color":"","overlay-opacity":"","overlay-gradient":""}},"footnotes":""},"categories":[1],"tags":[],"class_list":["post-2378","post","type-post","status-publish","format-standard","hentry","category-news"],"yoast_head":"<!-- This site is optimized with the Yoast SEO plugin v27.5 - https:\/\/yoast.com\/product\/yoast-seo-wordpress\/ -->\r\n<title>Venerdi 12 Luglio ore 21.00 - M.Vittoria Cassanelli e Paola Saderi - &quot;Il nocciolo delle ciliegie&quot; - Spettacolo di Teatro Danza -<\/title>\r\n<meta name=\"robots\" content=\"index, follow, max-snippet:-1, max-image-preview:large, max-video-preview:-1\" \/>\r\n<link rel=\"canonical\" href=\"https:\/\/www.iltemporale.it\/it\/venerdi-12-luglio-ore-21-00-m-vittoria-cassanelli-e-paola-saderi-il-nocciolo-delle-ciliegie-spettacolo-di-teatro-danza\/\" \/>\r\n<meta property=\"og:locale\" content=\"it_IT\" \/>\r\n<meta property=\"og:type\" content=\"article\" \/>\r\n<meta property=\"og:title\" content=\"Venerdi 12 Luglio ore 21.00 - M.Vittoria Cassanelli e Paola Saderi - &quot;Il nocciolo delle ciliegie&quot; - Spettacolo di Teatro Danza -\" \/>\r\n<meta property=\"og:description\" content=\"Ore 20.30 : Visita Guidata .\u00a0 All\u2019interno\u00a0della Cappella che si affaccia sul cortile il Prof. Roberto Colombari presenter\u00e0 la storia, i personaggi, i miti della \u201cDomus Jocunditatis\u201d. Ore 21.00: Concerto [&hellip;]\" \/>\r\n<meta property=\"og:url\" content=\"https:\/\/www.iltemporale.it\/it\/venerdi-12-luglio-ore-21-00-m-vittoria-cassanelli-e-paola-saderi-il-nocciolo-delle-ciliegie-spettacolo-di-teatro-danza\/\" \/>\r\n<meta property=\"article:publisher\" content=\"https:\/\/www.facebook.com\/pages\/category\/Nonprofit-Organization\/ASSOCIAZIONE-CULTURALE-IL-TEMPORALE-140967012635154\/\" \/>\r\n<meta property=\"article:published_time\" content=\"2019-06-28T13:02:53+00:00\" \/>\r\n<meta property=\"article:modified_time\" content=\"2019-06-28T13:02:55+00:00\" \/>\r\n<meta property=\"og:image\" content=\"http:\/\/www.iltemporale.it\/it\/wp-content\/uploads\/2019\/06\/danza-300x294.jpeg\" \/>\r\n<meta name=\"author\" content=\"temporale\" \/>\r\n<meta name=\"twitter:card\" content=\"summary_large_image\" \/>\r\n<meta name=\"twitter:label1\" content=\"Scritto da\" \/>\n\t<meta name=\"twitter:data1\" content=\"temporale\" \/>\n\t<meta name=\"twitter:label2\" content=\"Tempo di lettura stimato\" \/>\n\t<meta name=\"twitter:data2\" content=\"1 minuto\" \/>\r\n<script type=\"application\/ld+json\" class=\"yoast-schema-graph\">{\"@context\":\"https:\\\/\\\/schema.org\",\"@graph\":[{\"@type\":\"Article\",\"@id\":\"https:\\\/\\\/www.iltemporale.it\\\/it\\\/venerdi-12-luglio-ore-21-00-m-vittoria-cassanelli-e-paola-saderi-il-nocciolo-delle-ciliegie-spettacolo-di-teatro-danza\\\/#article\",\"isPartOf\":{\"@id\":\"https:\\\/\\\/www.iltemporale.it\\\/it\\\/venerdi-12-luglio-ore-21-00-m-vittoria-cassanelli-e-paola-saderi-il-nocciolo-delle-ciliegie-spettacolo-di-teatro-danza\\\/\"},\"author\":{\"name\":\"temporale\",\"@id\":\"https:\\\/\\\/www.iltemporale.it\\\/it\\\/#\\\/schema\\\/person\\\/702f71b0680103642b0b8ae72a7ede58\"},\"headline\":\"Venerdi 12 Luglio ore 21.00 &#8211; M.Vittoria Cassanelli e Paola Saderi &#8211; &#8220;Il nocciolo delle ciliegie&#8221; &#8211; Spettacolo di Teatro Danza\",\"datePublished\":\"2019-06-28T13:02:53+00:00\",\"dateModified\":\"2019-06-28T13:02:55+00:00\",\"mainEntityOfPage\":{\"@id\":\"https:\\\/\\\/www.iltemporale.it\\\/it\\\/venerdi-12-luglio-ore-21-00-m-vittoria-cassanelli-e-paola-saderi-il-nocciolo-delle-ciliegie-spettacolo-di-teatro-danza\\\/\"},\"wordCount\":312,\"publisher\":{\"@id\":\"https:\\\/\\\/www.iltemporale.it\\\/it\\\/#organization\"},\"image\":{\"@id\":\"https:\\\/\\\/www.iltemporale.it\\\/it\\\/venerdi-12-luglio-ore-21-00-m-vittoria-cassanelli-e-paola-saderi-il-nocciolo-delle-ciliegie-spettacolo-di-teatro-danza\\\/#primaryimage\"},\"thumbnailUrl\":\"http:\\\/\\\/www.iltemporale.it\\\/it\\\/wp-content\\\/uploads\\\/2019\\\/06\\\/danza-300x294.jpeg\",\"articleSection\":[\"News\"],\"inLanguage\":\"it-IT\"},{\"@type\":\"WebPage\",\"@id\":\"https:\\\/\\\/www.iltemporale.it\\\/it\\\/venerdi-12-luglio-ore-21-00-m-vittoria-cassanelli-e-paola-saderi-il-nocciolo-delle-ciliegie-spettacolo-di-teatro-danza\\\/\",\"url\":\"https:\\\/\\\/www.iltemporale.it\\\/it\\\/venerdi-12-luglio-ore-21-00-m-vittoria-cassanelli-e-paola-saderi-il-nocciolo-delle-ciliegie-spettacolo-di-teatro-danza\\\/\",\"name\":\"Venerdi 12 Luglio ore 21.00 - M.Vittoria Cassanelli e Paola Saderi - \\\"Il nocciolo delle ciliegie\\\" - Spettacolo di Teatro Danza -\",\"isPartOf\":{\"@id\":\"https:\\\/\\\/www.iltemporale.it\\\/it\\\/#website\"},\"primaryImageOfPage\":{\"@id\":\"https:\\\/\\\/www.iltemporale.it\\\/it\\\/venerdi-12-luglio-ore-21-00-m-vittoria-cassanelli-e-paola-saderi-il-nocciolo-delle-ciliegie-spettacolo-di-teatro-danza\\\/#primaryimage\"},\"image\":{\"@id\":\"https:\\\/\\\/www.iltemporale.it\\\/it\\\/venerdi-12-luglio-ore-21-00-m-vittoria-cassanelli-e-paola-saderi-il-nocciolo-delle-ciliegie-spettacolo-di-teatro-danza\\\/#primaryimage\"},\"thumbnailUrl\":\"http:\\\/\\\/www.iltemporale.it\\\/it\\\/wp-content\\\/uploads\\\/2019\\\/06\\\/danza-300x294.jpeg\",\"datePublished\":\"2019-06-28T13:02:53+00:00\",\"dateModified\":\"2019-06-28T13:02:55+00:00\",\"breadcrumb\":{\"@id\":\"https:\\\/\\\/www.iltemporale.it\\\/it\\\/venerdi-12-luglio-ore-21-00-m-vittoria-cassanelli-e-paola-saderi-il-nocciolo-delle-ciliegie-spettacolo-di-teatro-danza\\\/#breadcrumb\"},\"inLanguage\":\"it-IT\",\"potentialAction\":[{\"@type\":\"ReadAction\",\"target\":[\"https:\\\/\\\/www.iltemporale.it\\\/it\\\/venerdi-12-luglio-ore-21-00-m-vittoria-cassanelli-e-paola-saderi-il-nocciolo-delle-ciliegie-spettacolo-di-teatro-danza\\\/\"]}]},{\"@type\":\"ImageObject\",\"inLanguage\":\"it-IT\",\"@id\":\"https:\\\/\\\/www.iltemporale.it\\\/it\\\/venerdi-12-luglio-ore-21-00-m-vittoria-cassanelli-e-paola-saderi-il-nocciolo-delle-ciliegie-spettacolo-di-teatro-danza\\\/#primaryimage\",\"url\":\"https:\\\/\\\/www.iltemporale.it\\\/it\\\/wp-content\\\/uploads\\\/2019\\\/06\\\/danza.jpeg\",\"contentUrl\":\"https:\\\/\\\/www.iltemporale.it\\\/it\\\/wp-content\\\/uploads\\\/2019\\\/06\\\/danza.jpeg\",\"width\":1154,\"height\":1129},{\"@type\":\"BreadcrumbList\",\"@id\":\"https:\\\/\\\/www.iltemporale.it\\\/it\\\/venerdi-12-luglio-ore-21-00-m-vittoria-cassanelli-e-paola-saderi-il-nocciolo-delle-ciliegie-spettacolo-di-teatro-danza\\\/#breadcrumb\",\"itemListElement\":[{\"@type\":\"ListItem\",\"position\":1,\"name\":\"Home\",\"item\":\"https:\\\/\\\/www.iltemporale.it\\\/it\\\/\"},{\"@type\":\"ListItem\",\"position\":2,\"name\":\"Venerdi 12 Luglio ore 21.00 &#8211; M.Vittoria Cassanelli e Paola Saderi &#8211; &#8220;Il nocciolo delle ciliegie&#8221; &#8211; Spettacolo di Teatro Danza\"}]},{\"@type\":\"WebSite\",\"@id\":\"https:\\\/\\\/www.iltemporale.it\\\/it\\\/#website\",\"url\":\"https:\\\/\\\/www.iltemporale.it\\\/it\\\/\",\"name\":\"Il Temporale Associazione Culturale\",\"description\":\"\",\"publisher\":{\"@id\":\"https:\\\/\\\/www.iltemporale.it\\\/it\\\/#organization\"},\"potentialAction\":[{\"@type\":\"SearchAction\",\"target\":{\"@type\":\"EntryPoint\",\"urlTemplate\":\"https:\\\/\\\/www.iltemporale.it\\\/it\\\/?s={search_term_string}\"},\"query-input\":{\"@type\":\"PropertyValueSpecification\",\"valueRequired\":true,\"valueName\":\"search_term_string\"}}],\"inLanguage\":\"it-IT\"},{\"@type\":\"Organization\",\"@id\":\"https:\\\/\\\/www.iltemporale.it\\\/it\\\/#organization\",\"name\":\"ASSOCIAZIONE CULTURALE IL TEMPORALE APS\",\"url\":\"https:\\\/\\\/www.iltemporale.it\\\/it\\\/\",\"logo\":{\"@type\":\"ImageObject\",\"inLanguage\":\"it-IT\",\"@id\":\"https:\\\/\\\/www.iltemporale.it\\\/it\\\/#\\\/schema\\\/logo\\\/image\\\/\",\"url\":\"https:\\\/\\\/www.iltemporale.it\\\/it\\\/wp-content\\\/uploads\\\/2025\\\/11\\\/cropped-cropped-Logo-IL-TEMPORALE-1.jpg\",\"contentUrl\":\"https:\\\/\\\/www.iltemporale.it\\\/it\\\/wp-content\\\/uploads\\\/2025\\\/11\\\/cropped-cropped-Logo-IL-TEMPORALE-1.jpg\",\"width\":2174,\"height\":1093,\"caption\":\"ASSOCIAZIONE CULTURALE IL TEMPORALE APS\"},\"image\":{\"@id\":\"https:\\\/\\\/www.iltemporale.it\\\/it\\\/#\\\/schema\\\/logo\\\/image\\\/\"},\"sameAs\":[\"https:\\\/\\\/www.facebook.com\\\/pages\\\/category\\\/Nonprofit-Organization\\\/ASSOCIAZIONE-CULTURALE-IL-TEMPORALE-140967012635154\\\/\",\"https:\\\/\\\/www.instagram.com\\\/iltemporaleaps\\\/\",\"https:\\\/\\\/www.youtube.com\\\/@scuoladimusicailtemporale7327\"]},{\"@type\":\"Person\",\"@id\":\"https:\\\/\\\/www.iltemporale.it\\\/it\\\/#\\\/schema\\\/person\\\/702f71b0680103642b0b8ae72a7ede58\",\"name\":\"temporale\"}]}<\/script>\r\n<!-- \/ Yoast SEO plugin. -->","yoast_head_json":{"title":"Venerdi 12 Luglio ore 21.00 - M.Vittoria Cassanelli e Paola Saderi - \"Il nocciolo delle ciliegie\" - Spettacolo di Teatro Danza -","robots":{"index":"index","follow":"follow","max-snippet":"max-snippet:-1","max-image-preview":"max-image-preview:large","max-video-preview":"max-video-preview:-1"},"canonical":"https:\/\/www.iltemporale.it\/it\/venerdi-12-luglio-ore-21-00-m-vittoria-cassanelli-e-paola-saderi-il-nocciolo-delle-ciliegie-spettacolo-di-teatro-danza\/","og_locale":"it_IT","og_type":"article","og_title":"Venerdi 12 Luglio ore 21.00 - M.Vittoria Cassanelli e Paola Saderi - \"Il nocciolo delle ciliegie\" - Spettacolo di Teatro Danza -","og_description":"Ore 20.30 : Visita Guidata .\u00a0 All\u2019interno\u00a0della Cappella che si affaccia sul cortile il Prof. Roberto Colombari presenter\u00e0 la storia, i personaggi, i miti della \u201cDomus Jocunditatis\u201d. Ore 21.00: Concerto [&hellip;]","og_url":"https:\/\/www.iltemporale.it\/it\/venerdi-12-luglio-ore-21-00-m-vittoria-cassanelli-e-paola-saderi-il-nocciolo-delle-ciliegie-spettacolo-di-teatro-danza\/","article_publisher":"https:\/\/www.facebook.com\/pages\/category\/Nonprofit-Organization\/ASSOCIAZIONE-CULTURALE-IL-TEMPORALE-140967012635154\/","article_published_time":"2019-06-28T13:02:53+00:00","article_modified_time":"2019-06-28T13:02:55+00:00","og_image":[{"url":"http:\/\/www.iltemporale.it\/it\/wp-content\/uploads\/2019\/06\/danza-300x294.jpeg","type":"","width":"","height":""}],"author":"temporale","twitter_card":"summary_large_image","twitter_misc":{"Scritto da":"temporale","Tempo di lettura stimato":"1 minuto"},"schema":{"@context":"https:\/\/schema.org","@graph":[{"@type":"Article","@id":"https:\/\/www.iltemporale.it\/it\/venerdi-12-luglio-ore-21-00-m-vittoria-cassanelli-e-paola-saderi-il-nocciolo-delle-ciliegie-spettacolo-di-teatro-danza\/#article","isPartOf":{"@id":"https:\/\/www.iltemporale.it\/it\/venerdi-12-luglio-ore-21-00-m-vittoria-cassanelli-e-paola-saderi-il-nocciolo-delle-ciliegie-spettacolo-di-teatro-danza\/"},"author":{"name":"temporale","@id":"https:\/\/www.iltemporale.it\/it\/#\/schema\/person\/702f71b0680103642b0b8ae72a7ede58"},"headline":"Venerdi 12 Luglio ore 21.00 &#8211; M.Vittoria Cassanelli e Paola Saderi &#8211; &#8220;Il nocciolo delle ciliegie&#8221; &#8211; Spettacolo di Teatro Danza","datePublished":"2019-06-28T13:02:53+00:00","dateModified":"2019-06-28T13:02:55+00:00","mainEntityOfPage":{"@id":"https:\/\/www.iltemporale.it\/it\/venerdi-12-luglio-ore-21-00-m-vittoria-cassanelli-e-paola-saderi-il-nocciolo-delle-ciliegie-spettacolo-di-teatro-danza\/"},"wordCount":312,"publisher":{"@id":"https:\/\/www.iltemporale.it\/it\/#organization"},"image":{"@id":"https:\/\/www.iltemporale.it\/it\/venerdi-12-luglio-ore-21-00-m-vittoria-cassanelli-e-paola-saderi-il-nocciolo-delle-ciliegie-spettacolo-di-teatro-danza\/#primaryimage"},"thumbnailUrl":"http:\/\/www.iltemporale.it\/it\/wp-content\/uploads\/2019\/06\/danza-300x294.jpeg","articleSection":["News"],"inLanguage":"it-IT"},{"@type":"WebPage","@id":"https:\/\/www.iltemporale.it\/it\/venerdi-12-luglio-ore-21-00-m-vittoria-cassanelli-e-paola-saderi-il-nocciolo-delle-ciliegie-spettacolo-di-teatro-danza\/","url":"https:\/\/www.iltemporale.it\/it\/venerdi-12-luglio-ore-21-00-m-vittoria-cassanelli-e-paola-saderi-il-nocciolo-delle-ciliegie-spettacolo-di-teatro-danza\/","name":"Venerdi 12 Luglio ore 21.00 - M.Vittoria Cassanelli e Paola Saderi - \"Il nocciolo delle ciliegie\" - Spettacolo di Teatro Danza -","isPartOf":{"@id":"https:\/\/www.iltemporale.it\/it\/#website"},"primaryImageOfPage":{"@id":"https:\/\/www.iltemporale.it\/it\/venerdi-12-luglio-ore-21-00-m-vittoria-cassanelli-e-paola-saderi-il-nocciolo-delle-ciliegie-spettacolo-di-teatro-danza\/#primaryimage"},"image":{"@id":"https:\/\/www.iltemporale.it\/it\/venerdi-12-luglio-ore-21-00-m-vittoria-cassanelli-e-paola-saderi-il-nocciolo-delle-ciliegie-spettacolo-di-teatro-danza\/#primaryimage"},"thumbnailUrl":"http:\/\/www.iltemporale.it\/it\/wp-content\/uploads\/2019\/06\/danza-300x294.jpeg","datePublished":"2019-06-28T13:02:53+00:00","dateModified":"2019-06-28T13:02:55+00:00","breadcrumb":{"@id":"https:\/\/www.iltemporale.it\/it\/venerdi-12-luglio-ore-21-00-m-vittoria-cassanelli-e-paola-saderi-il-nocciolo-delle-ciliegie-spettacolo-di-teatro-danza\/#breadcrumb"},"inLanguage":"it-IT","potentialAction":[{"@type":"ReadAction","target":["https:\/\/www.iltemporale.it\/it\/venerdi-12-luglio-ore-21-00-m-vittoria-cassanelli-e-paola-saderi-il-nocciolo-delle-ciliegie-spettacolo-di-teatro-danza\/"]}]},{"@type":"ImageObject","inLanguage":"it-IT","@id":"https:\/\/www.iltemporale.it\/it\/venerdi-12-luglio-ore-21-00-m-vittoria-cassanelli-e-paola-saderi-il-nocciolo-delle-ciliegie-spettacolo-di-teatro-danza\/#primaryimage","url":"https:\/\/www.iltemporale.it\/it\/wp-content\/uploads\/2019\/06\/danza.jpeg","contentUrl":"https:\/\/www.iltemporale.it\/it\/wp-content\/uploads\/2019\/06\/danza.jpeg","width":1154,"height":1129},{"@type":"BreadcrumbList","@id":"https:\/\/www.iltemporale.it\/it\/venerdi-12-luglio-ore-21-00-m-vittoria-cassanelli-e-paola-saderi-il-nocciolo-delle-ciliegie-spettacolo-di-teatro-danza\/#breadcrumb","itemListElement":[{"@type":"ListItem","position":1,"name":"Home","item":"https:\/\/www.iltemporale.it\/it\/"},{"@type":"ListItem","position":2,"name":"Venerdi 12 Luglio ore 21.00 &#8211; M.Vittoria Cassanelli e Paola Saderi &#8211; &#8220;Il nocciolo delle ciliegie&#8221; &#8211; Spettacolo di Teatro Danza"}]},{"@type":"WebSite","@id":"https:\/\/www.iltemporale.it\/it\/#website","url":"https:\/\/www.iltemporale.it\/it\/","name":"Il Temporale Associazione Culturale","description":"","publisher":{"@id":"https:\/\/www.iltemporale.it\/it\/#organization"},"potentialAction":[{"@type":"SearchAction","target":{"@type":"EntryPoint","urlTemplate":"https:\/\/www.iltemporale.it\/it\/?s={search_term_string}"},"query-input":{"@type":"PropertyValueSpecification","valueRequired":true,"valueName":"search_term_string"}}],"inLanguage":"it-IT"},{"@type":"Organization","@id":"https:\/\/www.iltemporale.it\/it\/#organization","name":"ASSOCIAZIONE CULTURALE IL TEMPORALE APS","url":"https:\/\/www.iltemporale.it\/it\/","logo":{"@type":"ImageObject","inLanguage":"it-IT","@id":"https:\/\/www.iltemporale.it\/it\/#\/schema\/logo\/image\/","url":"https:\/\/www.iltemporale.it\/it\/wp-content\/uploads\/2025\/11\/cropped-cropped-Logo-IL-TEMPORALE-1.jpg","contentUrl":"https:\/\/www.iltemporale.it\/it\/wp-content\/uploads\/2025\/11\/cropped-cropped-Logo-IL-TEMPORALE-1.jpg","width":2174,"height":1093,"caption":"ASSOCIAZIONE CULTURALE IL TEMPORALE APS"},"image":{"@id":"https:\/\/www.iltemporale.it\/it\/#\/schema\/logo\/image\/"},"sameAs":["https:\/\/www.facebook.com\/pages\/category\/Nonprofit-Organization\/ASSOCIAZIONE-CULTURALE-IL-TEMPORALE-140967012635154\/","https:\/\/www.instagram.com\/iltemporaleaps\/","https:\/\/www.youtube.com\/@scuoladimusicailtemporale7327"]},{"@type":"Person","@id":"https:\/\/www.iltemporale.it\/it\/#\/schema\/person\/702f71b0680103642b0b8ae72a7ede58","name":"temporale"}]}},"_links":{"self":[{"href":"https:\/\/www.iltemporale.it\/it\/wp-json\/wp\/v2\/posts\/2378","targetHints":{"allow":["GET"]}}],"collection":[{"href":"https:\/\/www.iltemporale.it\/it\/wp-json\/wp\/v2\/posts"}],"about":[{"href":"https:\/\/www.iltemporale.it\/it\/wp-json\/wp\/v2\/types\/post"}],"author":[{"embeddable":true,"href":"https:\/\/www.iltemporale.it\/it\/wp-json\/wp\/v2\/users\/1"}],"replies":[{"embeddable":true,"href":"https:\/\/www.iltemporale.it\/it\/wp-json\/wp\/v2\/comments?post=2378"}],"version-history":[{"count":2,"href":"https:\/\/www.iltemporale.it\/it\/wp-json\/wp\/v2\/posts\/2378\/revisions"}],"predecessor-version":[{"id":2399,"href":"https:\/\/www.iltemporale.it\/it\/wp-json\/wp\/v2\/posts\/2378\/revisions\/2399"}],"wp:attachment":[{"href":"https:\/\/www.iltemporale.it\/it\/wp-json\/wp\/v2\/media?parent=2378"}],"wp:term":[{"taxonomy":"category","embeddable":true,"href":"https:\/\/www.iltemporale.it\/it\/wp-json\/wp\/v2\/categories?post=2378"},{"taxonomy":"post_tag","embeddable":true,"href":"https:\/\/www.iltemporale.it\/it\/wp-json\/wp\/v2\/tags?post=2378"}],"curies":[{"name":"wp","href":"https:\/\/api.w.org\/{rel}","templated":true}]}}