{"id":2280,"date":"2019-05-13T11:40:13","date_gmt":"2019-05-13T10:40:13","guid":{"rendered":"http:\/\/www.iltemporale.it\/it\/?p=2280"},"modified":"2019-05-13T11:53:25","modified_gmt":"2019-05-13T10:53:25","slug":"cortile-estivo-2019-dal-23-maggio-al-29-luglio-migrazioni-di-musiche-danze-e-racconti-nella-pianura-bolognese","status":"publish","type":"post","link":"https:\/\/www.iltemporale.it\/it\/cortile-estivo-2019-dal-23-maggio-al-29-luglio-migrazioni-di-musiche-danze-e-racconti-nella-pianura-bolognese\/","title":{"rendered":"Cortile Estivo 2019 &#8211; Dal 23 maggio al 29 luglio 2019 &#8211; &#8220;Migrazioni di musiche, danze e racconti nella pianura bolognese&#8221;"},"content":{"rendered":"\n<p>Il Cortile Estivo rappresenta il <strong>preludio al \u201c23\u00b0 Festival di Musica da Camera Castello di Bentivoglio\u201d<\/strong> che&nbsp; si svolger\u00e0 all\u2019interno delle sale del Castello nel periodo Settembre\/Dicembre 2019.<br>Si tratta di un vero e proprio <strong>viaggio culturale nel cuore della pianura bolognese<\/strong> tra percorsi ambientali,&nbsp; concerti, spettacoli, danze, visite guidate e rievocazioni storiche all\u2019interno del Castello quattrocentesco \u201cDomus Jocunditatis\u201d (Casa della Gioia), dimora di svago della nobile famiglia Bolognese dei Bentivoglio. <br>Il viaggio attraverser\u00e0 <strong>7 iniziative artistiche<\/strong> e <strong>partir\u00e0 il giorno 23 maggio<\/strong> dall\u2019Area naturale protetta \u201cOasi la Rizza\u201d con un suggestivo concerto di <strong>\u201cOcarine e Usignoli\u201d<\/strong>, durante il quale le melodie naturali dell\u2019usignolo al suo rientro dal lungo viaggio migratorio, si fonderanno con le melodie dell\u2019ocarina, strumento tipico della pianura bolognese. <br>Il viaggio proseguir\u00e0 poi fno al 19 Luglio all\u2019interno del<strong> Cortile del Castello<\/strong>, tra rievocazioni storiche, visite guidate, concerti, spettacoli di teatro e danza che animeranno la stagione estiva restituendo al Castello la sua originale natura di \u201cDomus Jocunditatis\u201d ed immergendo il pubblico in un luogo suggestivo e magico che ha ospitato personaggi illustri e affascinanti come i Duchi di Ferrara Ercole I e Alfonso I, il Pontefce Giulio II e Lucrezia Borgia che proprio qui fece tappa durante il suo viaggio lungo il Navile per convenire a nozze con Alfonso d\u2019Este.<br>Il progetto \u00e8 frutto della collaborazione e delle sinergie ormai consolidate tra le realt\u00e0 associative e culturali del territorio unite dall\u2019amore per questi luoghi: l\u2019Associazione Anno Domini (che organizza l\u2019annuale festa medioevale \u201cC\u2019era una volta al castello\u201d all\u2019interno del Castello di Bentivoglio), l\u2019Associazione \u201cGli Sparvieri\u201d (che organizzer\u00e0 i combattimenti in ambiti medioevali in occasione della serata <br>del 14 Giugno), la Cooperativa Arcobaleno (che gestisce la realizzazione di progetti di conservazione e ripristino ambientale all\u2019interno dell\u2019Oasi la Rizza), il centro sociale e ricreativo \u201cIl Mulino\u201d con il supporto dei pensionati per l\u2019organizzazione dei momenti di ristoro.<br>All\u2019interno del Cortile del Castello sono previsti<strong> 3 visite guidate<\/strong> accompagnate da proiezioni e dal racconto di storie, episodi e aneddoti a cura del <strong>Prof. Roberto Colombari,<\/strong> studioso della Bologna medioevale da oltre 20 anni, docente per l\u2019Universit\u00e0 della terza et\u00e0 Primo Levi ed autore di romanzi storici ambientati nel Medioevo.<br>Il cartellone del Cortile Estivo 2019 \u00e8 pensato per unire la valorizzazione di un patrimonio culturale ed ambientale ancora poco conosciuto dai circuiti turistici tradizionali, al piacere di una serata estiva di <br>svago e divertimento.<\/p>\n<p><a href=\"http:\/\/www.iltemporale.it\/it\/cortile-estivo-2019-dal-23-maggio-al-29-luglio-migrazioni-di-musiche-danze-e-racconti-nella-pianura-bolognese\/webcortile2019\/\" rel=\"attachment wp-att-2281\"><img loading=\"lazy\" decoding=\"async\" class=\"aligncenter size-large wp-image-2281\" src=\"http:\/\/www.iltemporale.it\/it\/wp-content\/uploads\/2019\/05\/WebCortile2019-725x1024.jpeg\" alt=\"\" width=\"725\" height=\"1024\" srcset=\"https:\/\/www.iltemporale.it\/it\/wp-content\/uploads\/2019\/05\/WebCortile2019-725x1024.jpeg 725w, https:\/\/www.iltemporale.it\/it\/wp-content\/uploads\/2019\/05\/WebCortile2019-212x300.jpeg 212w, https:\/\/www.iltemporale.it\/it\/wp-content\/uploads\/2019\/05\/WebCortile2019-768x1085.jpeg 768w, https:\/\/www.iltemporale.it\/it\/wp-content\/uploads\/2019\/05\/WebCortile2019.jpeg 1186w\" sizes=\"auto, (max-width: 725px) 100vw, 725px\" \/><\/a><\/p>\n","protected":false},"excerpt":{"rendered":"<p>Il Cortile Estivo rappresenta il preludio al \u201c23\u00b0 Festival di Musica da Camera Castello di Bentivoglio\u201d che&nbsp; si svolger\u00e0 all\u2019interno delle sale del Castello nel periodo Settembre\/Dicembre 2019.Si tratta di [&hellip;]<\/p>\n","protected":false},"author":1,"featured_media":0,"comment_status":"closed","ping_status":"closed","sticky":false,"template":"","format":"standard","meta":{"site-sidebar-layout":"default","site-content-layout":"","ast-site-content-layout":"default","site-content-style":"default","site-sidebar-style":"default","ast-global-header-display":"","ast-banner-title-visibility":"","ast-main-header-display":"","ast-hfb-above-header-display":"","ast-hfb-below-header-display":"","ast-hfb-mobile-header-display":"","site-post-title":"","ast-breadcrumbs-content":"","ast-featured-img":"","footer-sml-layout":"","ast-disable-related-posts":"","theme-transparent-header-meta":"","adv-header-id-meta":"","stick-header-meta":"","header-above-stick-meta":"","header-main-stick-meta":"","header-below-stick-meta":"","astra-migrate-meta-layouts":"default","ast-page-background-enabled":"default","ast-page-background-meta":{"desktop":{"background-color":"var(--ast-global-color-5)","background-image":"","background-repeat":"repeat","background-position":"center center","background-size":"auto","background-attachment":"scroll","background-type":"","background-media":"","overlay-type":"","overlay-color":"","overlay-opacity":"","overlay-gradient":""},"tablet":{"background-color":"","background-image":"","background-repeat":"repeat","background-position":"center center","background-size":"auto","background-attachment":"scroll","background-type":"","background-media":"","overlay-type":"","overlay-color":"","overlay-opacity":"","overlay-gradient":""},"mobile":{"background-color":"","background-image":"","background-repeat":"repeat","background-position":"center center","background-size":"auto","background-attachment":"scroll","background-type":"","background-media":"","overlay-type":"","overlay-color":"","overlay-opacity":"","overlay-gradient":""}},"ast-content-background-meta":{"desktop":{"background-color":"var(--ast-global-color-4)","background-image":"","background-repeat":"repeat","background-position":"center center","background-size":"auto","background-attachment":"scroll","background-type":"","background-media":"","overlay-type":"","overlay-color":"","overlay-opacity":"","overlay-gradient":""},"tablet":{"background-color":"var(--ast-global-color-4)","background-image":"","background-repeat":"repeat","background-position":"center center","background-size":"auto","background-attachment":"scroll","background-type":"","background-media":"","overlay-type":"","overlay-color":"","overlay-opacity":"","overlay-gradient":""},"mobile":{"background-color":"var(--ast-global-color-4)","background-image":"","background-repeat":"repeat","background-position":"center center","background-size":"auto","background-attachment":"scroll","background-type":"","background-media":"","overlay-type":"","overlay-color":"","overlay-opacity":"","overlay-gradient":""}},"footnotes":""},"categories":[1],"tags":[],"class_list":["post-2280","post","type-post","status-publish","format-standard","hentry","category-news"],"yoast_head":"<!-- This site is optimized with the Yoast SEO plugin v27.5 - https:\/\/yoast.com\/product\/yoast-seo-wordpress\/ -->\r\n<title>Cortile Estivo 2019 - Dal 23 maggio al 29 luglio 2019 - &quot;Migrazioni di musiche, danze e racconti nella pianura bolognese&quot; -<\/title>\r\n<meta name=\"robots\" content=\"index, follow, max-snippet:-1, max-image-preview:large, max-video-preview:-1\" \/>\r\n<link rel=\"canonical\" href=\"https:\/\/www.iltemporale.it\/it\/cortile-estivo-2019-dal-23-maggio-al-29-luglio-migrazioni-di-musiche-danze-e-racconti-nella-pianura-bolognese\/\" \/>\r\n<meta property=\"og:locale\" content=\"it_IT\" \/>\r\n<meta property=\"og:type\" content=\"article\" \/>\r\n<meta property=\"og:title\" content=\"Cortile Estivo 2019 - Dal 23 maggio al 29 luglio 2019 - &quot;Migrazioni di musiche, danze e racconti nella pianura bolognese&quot; -\" \/>\r\n<meta property=\"og:description\" content=\"Il Cortile Estivo rappresenta il preludio al \u201c23\u00b0 Festival di Musica da Camera Castello di Bentivoglio\u201d che&nbsp; si svolger\u00e0 all\u2019interno delle sale del Castello nel periodo Settembre\/Dicembre 2019.Si tratta di [&hellip;]\" \/>\r\n<meta property=\"og:url\" content=\"https:\/\/www.iltemporale.it\/it\/cortile-estivo-2019-dal-23-maggio-al-29-luglio-migrazioni-di-musiche-danze-e-racconti-nella-pianura-bolognese\/\" \/>\r\n<meta property=\"article:publisher\" content=\"https:\/\/www.facebook.com\/pages\/category\/Nonprofit-Organization\/ASSOCIAZIONE-CULTURALE-IL-TEMPORALE-140967012635154\/\" \/>\r\n<meta property=\"article:published_time\" content=\"2019-05-13T10:40:13+00:00\" \/>\r\n<meta property=\"article:modified_time\" content=\"2019-05-13T10:53:25+00:00\" \/>\r\n<meta property=\"og:image\" content=\"http:\/\/www.iltemporale.it\/it\/wp-content\/uploads\/2019\/05\/WebCortile2019-725x1024.jpeg\" \/>\r\n<meta name=\"author\" content=\"temporale\" \/>\r\n<meta name=\"twitter:card\" content=\"summary_large_image\" \/>\r\n<meta name=\"twitter:label1\" content=\"Scritto da\" \/>\n\t<meta name=\"twitter:data1\" content=\"temporale\" \/>\n\t<meta name=\"twitter:label2\" content=\"Tempo di lettura stimato\" \/>\n\t<meta name=\"twitter:data2\" content=\"2 minuti\" \/>\r\n<script type=\"application\/ld+json\" class=\"yoast-schema-graph\">{\"@context\":\"https:\\\/\\\/schema.org\",\"@graph\":[{\"@type\":\"Article\",\"@id\":\"https:\\\/\\\/www.iltemporale.it\\\/it\\\/cortile-estivo-2019-dal-23-maggio-al-29-luglio-migrazioni-di-musiche-danze-e-racconti-nella-pianura-bolognese\\\/#article\",\"isPartOf\":{\"@id\":\"https:\\\/\\\/www.iltemporale.it\\\/it\\\/cortile-estivo-2019-dal-23-maggio-al-29-luglio-migrazioni-di-musiche-danze-e-racconti-nella-pianura-bolognese\\\/\"},\"author\":{\"name\":\"temporale\",\"@id\":\"https:\\\/\\\/www.iltemporale.it\\\/it\\\/#\\\/schema\\\/person\\\/702f71b0680103642b0b8ae72a7ede58\"},\"headline\":\"Cortile Estivo 2019 &#8211; Dal 23 maggio al 29 luglio 2019 &#8211; &#8220;Migrazioni di musiche, danze e racconti nella pianura bolognese&#8221;\",\"datePublished\":\"2019-05-13T10:40:13+00:00\",\"dateModified\":\"2019-05-13T10:53:25+00:00\",\"mainEntityOfPage\":{\"@id\":\"https:\\\/\\\/www.iltemporale.it\\\/it\\\/cortile-estivo-2019-dal-23-maggio-al-29-luglio-migrazioni-di-musiche-danze-e-racconti-nella-pianura-bolognese\\\/\"},\"wordCount\":422,\"publisher\":{\"@id\":\"https:\\\/\\\/www.iltemporale.it\\\/it\\\/#organization\"},\"image\":{\"@id\":\"https:\\\/\\\/www.iltemporale.it\\\/it\\\/cortile-estivo-2019-dal-23-maggio-al-29-luglio-migrazioni-di-musiche-danze-e-racconti-nella-pianura-bolognese\\\/#primaryimage\"},\"thumbnailUrl\":\"http:\\\/\\\/www.iltemporale.it\\\/it\\\/wp-content\\\/uploads\\\/2019\\\/05\\\/WebCortile2019-725x1024.jpeg\",\"articleSection\":[\"News\"],\"inLanguage\":\"it-IT\"},{\"@type\":\"WebPage\",\"@id\":\"https:\\\/\\\/www.iltemporale.it\\\/it\\\/cortile-estivo-2019-dal-23-maggio-al-29-luglio-migrazioni-di-musiche-danze-e-racconti-nella-pianura-bolognese\\\/\",\"url\":\"https:\\\/\\\/www.iltemporale.it\\\/it\\\/cortile-estivo-2019-dal-23-maggio-al-29-luglio-migrazioni-di-musiche-danze-e-racconti-nella-pianura-bolognese\\\/\",\"name\":\"Cortile Estivo 2019 - Dal 23 maggio al 29 luglio 2019 - \\\"Migrazioni di musiche, danze e racconti nella pianura bolognese\\\" -\",\"isPartOf\":{\"@id\":\"https:\\\/\\\/www.iltemporale.it\\\/it\\\/#website\"},\"primaryImageOfPage\":{\"@id\":\"https:\\\/\\\/www.iltemporale.it\\\/it\\\/cortile-estivo-2019-dal-23-maggio-al-29-luglio-migrazioni-di-musiche-danze-e-racconti-nella-pianura-bolognese\\\/#primaryimage\"},\"image\":{\"@id\":\"https:\\\/\\\/www.iltemporale.it\\\/it\\\/cortile-estivo-2019-dal-23-maggio-al-29-luglio-migrazioni-di-musiche-danze-e-racconti-nella-pianura-bolognese\\\/#primaryimage\"},\"thumbnailUrl\":\"http:\\\/\\\/www.iltemporale.it\\\/it\\\/wp-content\\\/uploads\\\/2019\\\/05\\\/WebCortile2019-725x1024.jpeg\",\"datePublished\":\"2019-05-13T10:40:13+00:00\",\"dateModified\":\"2019-05-13T10:53:25+00:00\",\"breadcrumb\":{\"@id\":\"https:\\\/\\\/www.iltemporale.it\\\/it\\\/cortile-estivo-2019-dal-23-maggio-al-29-luglio-migrazioni-di-musiche-danze-e-racconti-nella-pianura-bolognese\\\/#breadcrumb\"},\"inLanguage\":\"it-IT\",\"potentialAction\":[{\"@type\":\"ReadAction\",\"target\":[\"https:\\\/\\\/www.iltemporale.it\\\/it\\\/cortile-estivo-2019-dal-23-maggio-al-29-luglio-migrazioni-di-musiche-danze-e-racconti-nella-pianura-bolognese\\\/\"]}]},{\"@type\":\"ImageObject\",\"inLanguage\":\"it-IT\",\"@id\":\"https:\\\/\\\/www.iltemporale.it\\\/it\\\/cortile-estivo-2019-dal-23-maggio-al-29-luglio-migrazioni-di-musiche-danze-e-racconti-nella-pianura-bolognese\\\/#primaryimage\",\"url\":\"https:\\\/\\\/www.iltemporale.it\\\/it\\\/wp-content\\\/uploads\\\/2019\\\/05\\\/WebCortile2019.jpeg\",\"contentUrl\":\"https:\\\/\\\/www.iltemporale.it\\\/it\\\/wp-content\\\/uploads\\\/2019\\\/05\\\/WebCortile2019.jpeg\",\"width\":1186,\"height\":1676},{\"@type\":\"BreadcrumbList\",\"@id\":\"https:\\\/\\\/www.iltemporale.it\\\/it\\\/cortile-estivo-2019-dal-23-maggio-al-29-luglio-migrazioni-di-musiche-danze-e-racconti-nella-pianura-bolognese\\\/#breadcrumb\",\"itemListElement\":[{\"@type\":\"ListItem\",\"position\":1,\"name\":\"Home\",\"item\":\"https:\\\/\\\/www.iltemporale.it\\\/it\\\/\"},{\"@type\":\"ListItem\",\"position\":2,\"name\":\"Cortile Estivo 2019 &#8211; Dal 23 maggio al 29 luglio 2019 &#8211; &#8220;Migrazioni di musiche, danze e racconti nella pianura bolognese&#8221;\"}]},{\"@type\":\"WebSite\",\"@id\":\"https:\\\/\\\/www.iltemporale.it\\\/it\\\/#website\",\"url\":\"https:\\\/\\\/www.iltemporale.it\\\/it\\\/\",\"name\":\"Il Temporale Associazione Culturale\",\"description\":\"\",\"publisher\":{\"@id\":\"https:\\\/\\\/www.iltemporale.it\\\/it\\\/#organization\"},\"potentialAction\":[{\"@type\":\"SearchAction\",\"target\":{\"@type\":\"EntryPoint\",\"urlTemplate\":\"https:\\\/\\\/www.iltemporale.it\\\/it\\\/?s={search_term_string}\"},\"query-input\":{\"@type\":\"PropertyValueSpecification\",\"valueRequired\":true,\"valueName\":\"search_term_string\"}}],\"inLanguage\":\"it-IT\"},{\"@type\":\"Organization\",\"@id\":\"https:\\\/\\\/www.iltemporale.it\\\/it\\\/#organization\",\"name\":\"ASSOCIAZIONE CULTURALE IL TEMPORALE APS\",\"url\":\"https:\\\/\\\/www.iltemporale.it\\\/it\\\/\",\"logo\":{\"@type\":\"ImageObject\",\"inLanguage\":\"it-IT\",\"@id\":\"https:\\\/\\\/www.iltemporale.it\\\/it\\\/#\\\/schema\\\/logo\\\/image\\\/\",\"url\":\"https:\\\/\\\/www.iltemporale.it\\\/it\\\/wp-content\\\/uploads\\\/2025\\\/11\\\/cropped-cropped-Logo-IL-TEMPORALE-1.jpg\",\"contentUrl\":\"https:\\\/\\\/www.iltemporale.it\\\/it\\\/wp-content\\\/uploads\\\/2025\\\/11\\\/cropped-cropped-Logo-IL-TEMPORALE-1.jpg\",\"width\":2174,\"height\":1093,\"caption\":\"ASSOCIAZIONE CULTURALE IL TEMPORALE APS\"},\"image\":{\"@id\":\"https:\\\/\\\/www.iltemporale.it\\\/it\\\/#\\\/schema\\\/logo\\\/image\\\/\"},\"sameAs\":[\"https:\\\/\\\/www.facebook.com\\\/pages\\\/category\\\/Nonprofit-Organization\\\/ASSOCIAZIONE-CULTURALE-IL-TEMPORALE-140967012635154\\\/\",\"https:\\\/\\\/www.instagram.com\\\/iltemporaleaps\\\/\",\"https:\\\/\\\/www.youtube.com\\\/@scuoladimusicailtemporale7327\"]},{\"@type\":\"Person\",\"@id\":\"https:\\\/\\\/www.iltemporale.it\\\/it\\\/#\\\/schema\\\/person\\\/702f71b0680103642b0b8ae72a7ede58\",\"name\":\"temporale\"}]}<\/script>\r\n<!-- \/ Yoast SEO plugin. -->","yoast_head_json":{"title":"Cortile Estivo 2019 - Dal 23 maggio al 29 luglio 2019 - \"Migrazioni di musiche, danze e racconti nella pianura bolognese\" -","robots":{"index":"index","follow":"follow","max-snippet":"max-snippet:-1","max-image-preview":"max-image-preview:large","max-video-preview":"max-video-preview:-1"},"canonical":"https:\/\/www.iltemporale.it\/it\/cortile-estivo-2019-dal-23-maggio-al-29-luglio-migrazioni-di-musiche-danze-e-racconti-nella-pianura-bolognese\/","og_locale":"it_IT","og_type":"article","og_title":"Cortile Estivo 2019 - Dal 23 maggio al 29 luglio 2019 - \"Migrazioni di musiche, danze e racconti nella pianura bolognese\" -","og_description":"Il Cortile Estivo rappresenta il preludio al \u201c23\u00b0 Festival di Musica da Camera Castello di Bentivoglio\u201d che&nbsp; si svolger\u00e0 all\u2019interno delle sale del Castello nel periodo Settembre\/Dicembre 2019.Si tratta di [&hellip;]","og_url":"https:\/\/www.iltemporale.it\/it\/cortile-estivo-2019-dal-23-maggio-al-29-luglio-migrazioni-di-musiche-danze-e-racconti-nella-pianura-bolognese\/","article_publisher":"https:\/\/www.facebook.com\/pages\/category\/Nonprofit-Organization\/ASSOCIAZIONE-CULTURALE-IL-TEMPORALE-140967012635154\/","article_published_time":"2019-05-13T10:40:13+00:00","article_modified_time":"2019-05-13T10:53:25+00:00","og_image":[{"url":"http:\/\/www.iltemporale.it\/it\/wp-content\/uploads\/2019\/05\/WebCortile2019-725x1024.jpeg","type":"","width":"","height":""}],"author":"temporale","twitter_card":"summary_large_image","twitter_misc":{"Scritto da":"temporale","Tempo di lettura stimato":"2 minuti"},"schema":{"@context":"https:\/\/schema.org","@graph":[{"@type":"Article","@id":"https:\/\/www.iltemporale.it\/it\/cortile-estivo-2019-dal-23-maggio-al-29-luglio-migrazioni-di-musiche-danze-e-racconti-nella-pianura-bolognese\/#article","isPartOf":{"@id":"https:\/\/www.iltemporale.it\/it\/cortile-estivo-2019-dal-23-maggio-al-29-luglio-migrazioni-di-musiche-danze-e-racconti-nella-pianura-bolognese\/"},"author":{"name":"temporale","@id":"https:\/\/www.iltemporale.it\/it\/#\/schema\/person\/702f71b0680103642b0b8ae72a7ede58"},"headline":"Cortile Estivo 2019 &#8211; Dal 23 maggio al 29 luglio 2019 &#8211; &#8220;Migrazioni di musiche, danze e racconti nella pianura bolognese&#8221;","datePublished":"2019-05-13T10:40:13+00:00","dateModified":"2019-05-13T10:53:25+00:00","mainEntityOfPage":{"@id":"https:\/\/www.iltemporale.it\/it\/cortile-estivo-2019-dal-23-maggio-al-29-luglio-migrazioni-di-musiche-danze-e-racconti-nella-pianura-bolognese\/"},"wordCount":422,"publisher":{"@id":"https:\/\/www.iltemporale.it\/it\/#organization"},"image":{"@id":"https:\/\/www.iltemporale.it\/it\/cortile-estivo-2019-dal-23-maggio-al-29-luglio-migrazioni-di-musiche-danze-e-racconti-nella-pianura-bolognese\/#primaryimage"},"thumbnailUrl":"http:\/\/www.iltemporale.it\/it\/wp-content\/uploads\/2019\/05\/WebCortile2019-725x1024.jpeg","articleSection":["News"],"inLanguage":"it-IT"},{"@type":"WebPage","@id":"https:\/\/www.iltemporale.it\/it\/cortile-estivo-2019-dal-23-maggio-al-29-luglio-migrazioni-di-musiche-danze-e-racconti-nella-pianura-bolognese\/","url":"https:\/\/www.iltemporale.it\/it\/cortile-estivo-2019-dal-23-maggio-al-29-luglio-migrazioni-di-musiche-danze-e-racconti-nella-pianura-bolognese\/","name":"Cortile Estivo 2019 - Dal 23 maggio al 29 luglio 2019 - \"Migrazioni di musiche, danze e racconti nella pianura bolognese\" -","isPartOf":{"@id":"https:\/\/www.iltemporale.it\/it\/#website"},"primaryImageOfPage":{"@id":"https:\/\/www.iltemporale.it\/it\/cortile-estivo-2019-dal-23-maggio-al-29-luglio-migrazioni-di-musiche-danze-e-racconti-nella-pianura-bolognese\/#primaryimage"},"image":{"@id":"https:\/\/www.iltemporale.it\/it\/cortile-estivo-2019-dal-23-maggio-al-29-luglio-migrazioni-di-musiche-danze-e-racconti-nella-pianura-bolognese\/#primaryimage"},"thumbnailUrl":"http:\/\/www.iltemporale.it\/it\/wp-content\/uploads\/2019\/05\/WebCortile2019-725x1024.jpeg","datePublished":"2019-05-13T10:40:13+00:00","dateModified":"2019-05-13T10:53:25+00:00","breadcrumb":{"@id":"https:\/\/www.iltemporale.it\/it\/cortile-estivo-2019-dal-23-maggio-al-29-luglio-migrazioni-di-musiche-danze-e-racconti-nella-pianura-bolognese\/#breadcrumb"},"inLanguage":"it-IT","potentialAction":[{"@type":"ReadAction","target":["https:\/\/www.iltemporale.it\/it\/cortile-estivo-2019-dal-23-maggio-al-29-luglio-migrazioni-di-musiche-danze-e-racconti-nella-pianura-bolognese\/"]}]},{"@type":"ImageObject","inLanguage":"it-IT","@id":"https:\/\/www.iltemporale.it\/it\/cortile-estivo-2019-dal-23-maggio-al-29-luglio-migrazioni-di-musiche-danze-e-racconti-nella-pianura-bolognese\/#primaryimage","url":"https:\/\/www.iltemporale.it\/it\/wp-content\/uploads\/2019\/05\/WebCortile2019.jpeg","contentUrl":"https:\/\/www.iltemporale.it\/it\/wp-content\/uploads\/2019\/05\/WebCortile2019.jpeg","width":1186,"height":1676},{"@type":"BreadcrumbList","@id":"https:\/\/www.iltemporale.it\/it\/cortile-estivo-2019-dal-23-maggio-al-29-luglio-migrazioni-di-musiche-danze-e-racconti-nella-pianura-bolognese\/#breadcrumb","itemListElement":[{"@type":"ListItem","position":1,"name":"Home","item":"https:\/\/www.iltemporale.it\/it\/"},{"@type":"ListItem","position":2,"name":"Cortile Estivo 2019 &#8211; Dal 23 maggio al 29 luglio 2019 &#8211; &#8220;Migrazioni di musiche, danze e racconti nella pianura bolognese&#8221;"}]},{"@type":"WebSite","@id":"https:\/\/www.iltemporale.it\/it\/#website","url":"https:\/\/www.iltemporale.it\/it\/","name":"Il Temporale Associazione Culturale","description":"","publisher":{"@id":"https:\/\/www.iltemporale.it\/it\/#organization"},"potentialAction":[{"@type":"SearchAction","target":{"@type":"EntryPoint","urlTemplate":"https:\/\/www.iltemporale.it\/it\/?s={search_term_string}"},"query-input":{"@type":"PropertyValueSpecification","valueRequired":true,"valueName":"search_term_string"}}],"inLanguage":"it-IT"},{"@type":"Organization","@id":"https:\/\/www.iltemporale.it\/it\/#organization","name":"ASSOCIAZIONE CULTURALE IL TEMPORALE APS","url":"https:\/\/www.iltemporale.it\/it\/","logo":{"@type":"ImageObject","inLanguage":"it-IT","@id":"https:\/\/www.iltemporale.it\/it\/#\/schema\/logo\/image\/","url":"https:\/\/www.iltemporale.it\/it\/wp-content\/uploads\/2025\/11\/cropped-cropped-Logo-IL-TEMPORALE-1.jpg","contentUrl":"https:\/\/www.iltemporale.it\/it\/wp-content\/uploads\/2025\/11\/cropped-cropped-Logo-IL-TEMPORALE-1.jpg","width":2174,"height":1093,"caption":"ASSOCIAZIONE CULTURALE IL TEMPORALE APS"},"image":{"@id":"https:\/\/www.iltemporale.it\/it\/#\/schema\/logo\/image\/"},"sameAs":["https:\/\/www.facebook.com\/pages\/category\/Nonprofit-Organization\/ASSOCIAZIONE-CULTURALE-IL-TEMPORALE-140967012635154\/","https:\/\/www.instagram.com\/iltemporaleaps\/","https:\/\/www.youtube.com\/@scuoladimusicailtemporale7327"]},{"@type":"Person","@id":"https:\/\/www.iltemporale.it\/it\/#\/schema\/person\/702f71b0680103642b0b8ae72a7ede58","name":"temporale"}]}},"_links":{"self":[{"href":"https:\/\/www.iltemporale.it\/it\/wp-json\/wp\/v2\/posts\/2280","targetHints":{"allow":["GET"]}}],"collection":[{"href":"https:\/\/www.iltemporale.it\/it\/wp-json\/wp\/v2\/posts"}],"about":[{"href":"https:\/\/www.iltemporale.it\/it\/wp-json\/wp\/v2\/types\/post"}],"author":[{"embeddable":true,"href":"https:\/\/www.iltemporale.it\/it\/wp-json\/wp\/v2\/users\/1"}],"replies":[{"embeddable":true,"href":"https:\/\/www.iltemporale.it\/it\/wp-json\/wp\/v2\/comments?post=2280"}],"version-history":[{"count":7,"href":"https:\/\/www.iltemporale.it\/it\/wp-json\/wp\/v2\/posts\/2280\/revisions"}],"predecessor-version":[{"id":2296,"href":"https:\/\/www.iltemporale.it\/it\/wp-json\/wp\/v2\/posts\/2280\/revisions\/2296"}],"wp:attachment":[{"href":"https:\/\/www.iltemporale.it\/it\/wp-json\/wp\/v2\/media?parent=2280"}],"wp:term":[{"taxonomy":"category","embeddable":true,"href":"https:\/\/www.iltemporale.it\/it\/wp-json\/wp\/v2\/categories?post=2280"},{"taxonomy":"post_tag","embeddable":true,"href":"https:\/\/www.iltemporale.it\/it\/wp-json\/wp\/v2\/tags?post=2280"}],"curies":[{"name":"wp","href":"https:\/\/api.w.org\/{rel}","templated":true}]}}